{"id":227,"date":"2020-04-12T21:53:43","date_gmt":"2020-04-12T21:53:43","guid":{"rendered":"http:\/\/blogs.dickinson.edu\/contemporary-german-lit-2020\/?p=227"},"modified":"2020-04-12T21:53:43","modified_gmt":"2020-04-12T21:53:43","slug":"hausarbeit-paradigmawechsel","status":"publish","type":"post","link":"https:\/\/blogs.dickinson.edu\/contemporary-german-lit-2020\/2020\/04\/12\/hausarbeit-paradigmawechsel\/","title":{"rendered":"Hausarbeit: Paradigmawechsel?"},"content":{"rendered":"<p>Ich habe in der letzten Woche viel dar\u00fcber nachgedacht, wie ich genau mit den Materiallen und mit dem Thema, das ich mir ausgew\u00e4hlt habe, umgehen soll. Ich bin warhscheinlich in vielen Hinsichten \u00fcberaus unqualifikaziert, \u00fcber das Thema deutsche Identit\u00e4t bez\u00fcglich Deutsch mit Migrationshintergrund. Ich bin erstens nicht deutsch, wei\u00df, m\u00e4nnlich, cis, und auch straight. Deshalb habe ich mir lang und hart dar\u00fcber nachgedacht, wie ich darum mitgehen soll. Ich habe zum Beispiel in zweiter Arbeit erw\u00e4hnt, dass ich die Tatsache mit den Perspektiven aus dem Buch vereinigen wolle. Aber das kommt mir jetzt so vor, als respektlos, da die Leute, die <em>Eure Heimat ist Unser Albtraum<\/em> geschrieben haben, wollten offensichtlich nicht, dass ihre Geschichte f\u00fcr ihre \u00dcbereinstimmung mit den sogenannten objektiven Tatsachen bewertet werden. Vielleicht w\u00e4re aber die pers\u00f6nliche Perspektive einer Ausl\u00e4nder (ich glaube, dass in meinem Fall dieser Begriff wirklich anpassend ist) als Zusatz wichtig. Also ich glaube, dass ich meine Hausarbeit vielleicht nicht so rein wissenschaftlich verfassen werde,\u00a0 als ich es mir fr\u00fcher gedacht habe, sondern mich ein bisschen mehr auf den Umgangston des Buches konzentrieren werde.<\/p>\n","protected":false},"excerpt":{"rendered":"<p>Ich habe in der letzten Woche viel dar\u00fcber nachgedacht, wie ich genau mit den Materiallen und mit dem Thema, das ich mir ausgew\u00e4hlt habe, umgehen soll. Ich bin warhscheinlich in vielen Hinsichten \u00fcberaus unqualifikaziert, \u00fcber das Thema deutsche Identit\u00e4t bez\u00fcglich Deutsch mit Migrationshintergrund. Ich bin erstens nicht deutsch, wei\u00df, m\u00e4nnlich, cis, und auch straight. Deshalb [&hellip;]<\/p>\n","protected":false},"author":3440,"featured_media":0,"comment_status":"open","ping_status":"open","sticky":false,"template":"","format":"standard","meta":{"footnotes":""},"categories":[252445],"tags":[],"class_list":["post-227","post","type-post","status-publish","format-standard","hentry","category-forschungsarbeit"],"_links":{"self":[{"href":"https:\/\/blogs.dickinson.edu\/contemporary-german-lit-2020\/wp-json\/wp\/v2\/posts\/227","targetHints":{"allow":["GET"]}}],"collection":[{"href":"https:\/\/blogs.dickinson.edu\/contemporary-german-lit-2020\/wp-json\/wp\/v2\/posts"}],"about":[{"href":"https:\/\/blogs.dickinson.edu\/contemporary-german-lit-2020\/wp-json\/wp\/v2\/types\/post"}],"author":[{"embeddable":true,"href":"https:\/\/blogs.dickinson.edu\/contemporary-german-lit-2020\/wp-json\/wp\/v2\/users\/3440"}],"replies":[{"embeddable":true,"href":"https:\/\/blogs.dickinson.edu\/contemporary-german-lit-2020\/wp-json\/wp\/v2\/comments?post=227"}],"version-history":[{"count":0,"href":"https:\/\/blogs.dickinson.edu\/contemporary-german-lit-2020\/wp-json\/wp\/v2\/posts\/227\/revisions"}],"wp:attachment":[{"href":"https:\/\/blogs.dickinson.edu\/contemporary-german-lit-2020\/wp-json\/wp\/v2\/media?parent=227"}],"wp:term":[{"taxonomy":"category","embeddable":true,"href":"https:\/\/blogs.dickinson.edu\/contemporary-german-lit-2020\/wp-json\/wp\/v2\/categories?post=227"},{"taxonomy":"post_tag","embeddable":true,"href":"https:\/\/blogs.dickinson.edu\/contemporary-german-lit-2020\/wp-json\/wp\/v2\/tags?post=227"}],"curies":[{"name":"wp","href":"https:\/\/api.w.org\/{rel}","templated":true}]}}