{"id":245,"date":"2020-04-26T22:07:06","date_gmt":"2020-04-26T22:07:06","guid":{"rendered":"http:\/\/blogs.dickinson.edu\/contemporary-german-lit-2020\/?p=245"},"modified":"2020-04-26T22:07:06","modified_gmt":"2020-04-26T22:07:06","slug":"der-endzweck","status":"publish","type":"post","link":"https:\/\/blogs.dickinson.edu\/contemporary-german-lit-2020\/2020\/04\/26\/der-endzweck\/","title":{"rendered":"der Endzweck&#8230;"},"content":{"rendered":"<p>Jetzt hatte ich allen Artikeln und das Hauptbuch gelesen und mir Notizen gemacht. Das ist immer der Anfang f\u00fcr mich, weil mit den Notizen mache ich ein \u00dcberblick und dann umschreibe und meine eigenen Gedanken hinzuf\u00fcge. Ich habe diese drei Schritte noch nicht gemacht, aber wenn ich die machen geht alles sehr schnell danach. Ich kann hoffentlich bis morgen meinen ersten Entwurf f\u00fcr Sandis Peer Review schrieben. Ich bin noch nicht so weit, wie ich m\u00f6chte, weil ich viel Arbeit f\u00fcr mein Umweltstudien-Seminar geleistet habe. Zum Gl\u00fcck habe ich die ganze Arbeit daf\u00fcr beendet. Jetzt haben wir den letzten Schubs, um alles zu beenden! Ich glaube nicht, dass ich an Gott glaube, aber ich werde beten, dass ich das alles trotzdem rechtzeitig erledigen kann.<\/p>\n","protected":false},"excerpt":{"rendered":"<p>Jetzt hatte ich allen Artikeln und das Hauptbuch gelesen und mir Notizen gemacht. Das ist immer der Anfang f\u00fcr mich, weil mit den Notizen mache ich ein \u00dcberblick und dann umschreibe und meine eigenen Gedanken hinzuf\u00fcge. Ich habe diese drei Schritte noch nicht gemacht, aber wenn ich die machen geht alles sehr schnell danach. Ich [&hellip;]<\/p>\n","protected":false},"author":3203,"featured_media":0,"comment_status":"open","ping_status":"open","sticky":false,"template":"","format":"standard","meta":{"footnotes":""},"categories":[255439],"tags":[],"class_list":["post-245","post","type-post","status-publish","format-standard","hentry","category-ich"],"_links":{"self":[{"href":"https:\/\/blogs.dickinson.edu\/contemporary-german-lit-2020\/wp-json\/wp\/v2\/posts\/245","targetHints":{"allow":["GET"]}}],"collection":[{"href":"https:\/\/blogs.dickinson.edu\/contemporary-german-lit-2020\/wp-json\/wp\/v2\/posts"}],"about":[{"href":"https:\/\/blogs.dickinson.edu\/contemporary-german-lit-2020\/wp-json\/wp\/v2\/types\/post"}],"author":[{"embeddable":true,"href":"https:\/\/blogs.dickinson.edu\/contemporary-german-lit-2020\/wp-json\/wp\/v2\/users\/3203"}],"replies":[{"embeddable":true,"href":"https:\/\/blogs.dickinson.edu\/contemporary-german-lit-2020\/wp-json\/wp\/v2\/comments?post=245"}],"version-history":[{"count":0,"href":"https:\/\/blogs.dickinson.edu\/contemporary-german-lit-2020\/wp-json\/wp\/v2\/posts\/245\/revisions"}],"wp:attachment":[{"href":"https:\/\/blogs.dickinson.edu\/contemporary-german-lit-2020\/wp-json\/wp\/v2\/media?parent=245"}],"wp:term":[{"taxonomy":"category","embeddable":true,"href":"https:\/\/blogs.dickinson.edu\/contemporary-german-lit-2020\/wp-json\/wp\/v2\/categories?post=245"},{"taxonomy":"post_tag","embeddable":true,"href":"https:\/\/blogs.dickinson.edu\/contemporary-german-lit-2020\/wp-json\/wp\/v2\/tags?post=245"}],"curies":[{"name":"wp","href":"https:\/\/api.w.org\/{rel}","templated":true}]}}