{"id":113,"date":"2017-09-26T15:02:41","date_gmt":"2017-09-26T15:02:41","guid":{"rendered":"http:\/\/blogs.dickinson.edu\/fr300automne17\/?p=113"},"modified":"2017-09-26T15:02:41","modified_gmt":"2017-09-26T15:02:41","slug":"le-weekend-a-la-campagne-2","status":"publish","type":"post","link":"https:\/\/blogs.dickinson.edu\/fr300automne17\/2017\/09\/26\/le-weekend-a-la-campagne-2\/","title":{"rendered":"Le weekend \u00e0 la campagne"},"content":{"rendered":"<h2><\/h2>\n<div class=\"entry\">\n<p><img loading=\"lazy\" decoding=\"async\" class=\"alignnone  wp-image-111\" src=\"http:\/\/blogs.dickinson.edu\/fr300automne17\/files\/2017\/09\/IMG_20170922_195810-1-225x300.jpg\" alt=\"\" width=\"206\" height=\"275\" srcset=\"https:\/\/blogs.dickinson.edu\/fr300automne17\/files\/2017\/09\/IMG_20170922_195810-1-225x300.jpg 225w, https:\/\/blogs.dickinson.edu\/fr300automne17\/files\/2017\/09\/IMG_20170922_195810-1-768x1024.jpg 768w\" sizes=\"auto, (max-width: 206px) 100vw, 206px\" \/><\/p>\n<p>Description:<\/p>\n<p>Cette image montre le chalet s\u2019appelle Le Poule. Situ\u00e9 dans le milieu des montagnes noires pr\u00e8s d\u2019Albine, le chalet a pr\u00e9sque deux cents ans. C\u2019\u00e9tait o\u00f9 j\u2019ai pass\u00e9 le weekend avec ma famille d\u2019accueil et leurs amis. Pendant ce weekend, j\u2019ai eu l\u2019opportunit\u00e9 d\u2019observer et participer sur la vie de la campagne fran\u00e7aise. Entoure de la verdure et de ruisseaux, il \u00e9tait facile de croire que vous \u00e9tiez transport\u00e9 dans un autre monde. Le seul endroit le plus proche est la petite ville intime d\u2019Albine. Population d\u2019environ 500 personnes, c\u2019est une ville tranquille qui est la d\u00e9finition de la vie \u00e0 la campagne. Contrairement \u00e0 la vie en ville, la vie \u00e0 la campagne n\u2019est pas palpitante.<\/p>\n<p>Interpr\u00e9tation :<\/p>\n<p>La retraite \u00e0 la campagne est une activit\u00e9 populaire en France et est consid\u00e9r\u00e9e comme l\u2019occasion de se reposer et\u00a0 avec des amis. Et puisque le chalet que nous avons s\u00e9journe \u00e9tait loin dans les montagnes, il n\u2019y avait pas d\u2019internet et t\u00e9l\u00e9vision, il nous fournit cette pression suppl\u00e9mentaire pour communiquer les uns avec les autres. Donc, au lieu de nous concentrer sur le travail ou l\u2019internet essentiellement dans le monde entier \u00e0 Toulouse, nous avons fait des activit\u00e9s traditionnelles. Les journ\u00e9es \u00e9taient remplies d\u2019escalades, de chasse pour les champignons, de jeux de soci\u00e9t\u00e9, de siestes et d\u2019appr\u00e9cier la compagnie.<\/p>\n<p>L\u2019id\u00e9e de profiter de la compagnie, \u00e0 mon avis, a un grand r\u00f4le de la culture fran\u00e7aise. Pendant weekend, c\u2019\u00e9tait commune de avoir une repas qui dure pour heures. M\u00eame s\u2019ils ne peuvent pas se retirer \u00e0 la campagne, il semble qu\u2019il y ait encore les temps de repos. Par exemple, les d\u00e9jeuner longs, ou vous pouvez restez pour heures dans la meme cafe. Les week-ends, en particulier le dimanche, sont consid\u00e9r\u00e9s comme un temps prive. Les courriers \u00e9lectroniques sont \u00e0 peine contr\u00f4l\u00e9s pendant le weekend, les magasins sont proches et le temps lui-m\u00eame semble aller un peu plus lent.<\/p>\n<p>\u00c9valuation :<\/p>\n<p>Il semble que la culture fran\u00e7aise mette la connexion sociale et les temps de reposer comme une priorit\u00e9 plus \u00e9lev\u00e9e que celle des \u00c9tats-Unis. Consid\u00e8re comme pr\u00e9cieux, le temps n\u2019a pas la m\u00eame valeur que les Fran\u00e7aises. Pour les Am\u00e9ricains, le temps repr\u00e9sente de l\u2019argent. Alors que j\u2019aime beaucoup le temps de me reposer (par exemple, je m\u2019a repos\u00e9 bien cette weekend et j\u2019ai pass\u00e9 un bon moment), mais je me demande si je voudrais vivre dans une culture qui souligne l\u2019importance de reposer. Oui, cela semble incroyable en th\u00e9orie, mais jusqu\u2019\u00e0 pr\u00e9sent, il m\u2019a \u00e9t\u00e9 un peu difficile et frustrant de s\u2019adapter \u00e0 cette perspective \u00e0 les temps. J\u2019ai habitu\u00e9 aux magasins de 24 heures et aux courriers \u00e9lectroniques constants. J\u2019ai habitu\u00e9 que le chose se font imm\u00e9diatement tout le temps, mais ca, ce n\u2019est pas la culture francais. Peut-\u00eatre qu\u2019\u00e0 la fin de l\u2019ann\u00e9e je m\u2019y habituerai plus, mais maintenant, c\u2019est une chose qui me souvient des diff\u00e9rences de la culture fran\u00e7aise.<\/p>\n<\/div>\n","protected":false},"excerpt":{"rendered":"<p>Description: Cette image montre le chalet s\u2019appelle Le Poule. Situ\u00e9 dans le milieu des montagnes noires pr\u00e8s d\u2019Albine, le chalet a pr\u00e9sque deux cents ans. C\u2019\u00e9tait o\u00f9 j\u2019ai pass\u00e9 le weekend avec ma famille d\u2019accueil et leurs amis. Pendant ce weekend, j\u2019ai eu l\u2019opportunit\u00e9 d\u2019observer et participer sur la vie de la campagne fran\u00e7aise. Entoure [&hellip;]<\/p>\n","protected":false},"author":3662,"featured_media":0,"comment_status":"open","ping_status":"open","sticky":false,"template":"","format":"standard","meta":{"footnotes":""},"categories":[139008],"tags":[],"class_list":["post-113","post","type-post","status-publish","format-standard","hentry","category-26-09"],"_links":{"self":[{"href":"https:\/\/blogs.dickinson.edu\/fr300automne17\/wp-json\/wp\/v2\/posts\/113","targetHints":{"allow":["GET"]}}],"collection":[{"href":"https:\/\/blogs.dickinson.edu\/fr300automne17\/wp-json\/wp\/v2\/posts"}],"about":[{"href":"https:\/\/blogs.dickinson.edu\/fr300automne17\/wp-json\/wp\/v2\/types\/post"}],"author":[{"embeddable":true,"href":"https:\/\/blogs.dickinson.edu\/fr300automne17\/wp-json\/wp\/v2\/users\/3662"}],"replies":[{"embeddable":true,"href":"https:\/\/blogs.dickinson.edu\/fr300automne17\/wp-json\/wp\/v2\/comments?post=113"}],"version-history":[{"count":0,"href":"https:\/\/blogs.dickinson.edu\/fr300automne17\/wp-json\/wp\/v2\/posts\/113\/revisions"}],"wp:attachment":[{"href":"https:\/\/blogs.dickinson.edu\/fr300automne17\/wp-json\/wp\/v2\/media?parent=113"}],"wp:term":[{"taxonomy":"category","embeddable":true,"href":"https:\/\/blogs.dickinson.edu\/fr300automne17\/wp-json\/wp\/v2\/categories?post=113"},{"taxonomy":"post_tag","embeddable":true,"href":"https:\/\/blogs.dickinson.edu\/fr300automne17\/wp-json\/wp\/v2\/tags?post=113"}],"curies":[{"name":"wp","href":"https:\/\/api.w.org\/{rel}","templated":true}]}}