{"id":120,"date":"2017-09-26T17:19:20","date_gmt":"2017-09-26T17:19:20","guid":{"rendered":"http:\/\/blogs.dickinson.edu\/fr300automne17\/?p=120"},"modified":"2017-09-26T21:26:53","modified_gmt":"2017-09-26T21:26:53","slug":"lalternatiba","status":"publish","type":"post","link":"https:\/\/blogs.dickinson.edu\/fr300automne17\/2017\/09\/26\/lalternatiba\/","title":{"rendered":"l&#8217;Alternatiba"},"content":{"rendered":"<p>&nbsp;<\/p>\n<p>&nbsp;<\/p>\n<p>&nbsp;<\/p>\n<p>&nbsp;<\/p>\n<p><strong>Descrip<\/strong><img loading=\"lazy\" decoding=\"async\" class=\"size-medium wp-image-121 alignleft\" src=\"http:\/\/blogs.dickinson.edu\/fr300automne17\/files\/2017\/09\/Alternatiba-225x300.jpg\" alt=\"\" width=\"225\" height=\"300\" srcset=\"https:\/\/blogs.dickinson.edu\/fr300automne17\/files\/2017\/09\/Alternatiba-225x300.jpg 225w, https:\/\/blogs.dickinson.edu\/fr300automne17\/files\/2017\/09\/Alternatiba-768x1024.jpg 768w\" sizes=\"auto, (max-width: 225px) 100vw, 225px\" \/><strong>tion\u00a0:<\/strong><\/p>\n<p>Je vous\u00a0montre une photo de l\u2019Alternatiba, un festival qui s\u2019est pass\u00e9 le week-end dernier. Dans le festival, il y avait plusieurs vendeurs, stands et scientistes qui ont expliqu\u00e9 comment on peut vivre dans le monde sans impacter l\u2019environnement. Le festival \u00e9tait port\u00e9 sur le r\u00e9chauffement climatique, avec lequel notre soci\u00e9t\u00e9 devient de plus en plus ambivalent. Le but de l\u2019Alternatiba \u00e9tait de rassembler les gens qui avaient les m\u00eames visions pour prot\u00e9ger et sauver notre environnement et changer l\u2019avenir. Le festival \u00e9tait d\u00e9crit comme \u00ab\u00a0Un Village Mondial\u00a0\u00bb, parce qu\u2019il y avait beaucoup de gens qui sont venus des endroits et des situations tr\u00e8s diff\u00e9rentes. Pour d\u00e9montrer son engagement, l\u2019Alternatiba \u00e9tait construit compl\u00e8tement par les volontaires.<\/p>\n<p><strong>Interpr\u00e9tation\u00a0: <\/strong><\/p>\n<p>On a appris que le sport national de France est le d\u00e9bat et la manifestation. Je pense que ce festival est une forme du\u00a0d\u00e9bat. Les gens qui travaillaient \u00e0 l\u2019Alternatiba voulaient discuter et donner les conseils \u00e0 la population g\u00e9n\u00e9rale. Ils voulaient informer les gens au sujet des probl\u00e8mes naturels. \u00c0 l\u2019Alternatiba, j\u2019ai parl\u00e9 avec un homme qui avait un stand au festival. Il \u00e9tait en train de construire une sculpture d\u2019un arbre. Il m\u2019a dit que la sculpture repr\u00e9sente la nature, mais aussi le fait comme on est toute une partie de ce monde naturel. \u00c0 son avis, avec lequel je suis d\u2019accord, on est en train de d\u00e9truire notre environnement et on a besoin de trouver des nouvelles solutions pour am\u00e9liorer la situation. Il m\u2019a dit qu\u2019il n\u2019a pas une voiture et il fait du travail b\u00e9n\u00e9volat.<\/p>\n<p>C\u2019\u00e9tait vraiment int\u00e9ressant pour moi de parler avec un environnementaliste fran\u00e7ais. Ma m\u00e8re est une \u00e9cologiste, donc je suis concern\u00e9 avec le monde naturel. J\u2019\u00e9tais tr\u00e8s content de voir que le mouvement environnementaliste est un mouvement mondial. Le festival avait beaucoup de gens qui \u00e9taient tr\u00e8s passionnants.<\/p>\n<p><strong>Evaluation\u00a0:<\/strong><\/p>\n<p>Quand j\u2019\u00e9tais au festival j\u2019ai essay\u00e9 de voir le r\u00e9chauffement climatique et les probl\u00e8mes naturels avec une vue fran\u00e7aise. J\u2019ai appris que les Fran\u00e7ais utilisent l\u2019\u00e9nergie nucl\u00e9aire pour beaucoup de leur \u00e9lectricit\u00e9. Aux Etats-Unis, on utilise le gaz naturel et le charbon plus que l\u2019\u00e9nergie nucl\u00e9aire, mais toutes ces formes d\u2019\u00e9nergie ne sont pas durables. De plus, mon h\u00f4te m\u2019a dit que la municipalit\u00e9 de Toulouse a promulgu\u00e9 quelques reformes pour aider les automobilistes \u00e0 Toulouse, comme la cr\u00e9ation des parkings souterrains. Pour beaucoup de Toulousains, mon h\u00f4te et l\u2019homme au festival compris, ceci est vraiment inutile \u00e0 cause des transports en commun.<\/p>\n<p>Ce fait m\u2019a frapp\u00e9 parce qu\u2019aux Etats-Unis on utilise nos voitures chaque jour. C\u2019est vraiment impossible de ne pas avoir une voiture, au moins dans le Wisconsin. Et plut\u00f4t, nous n\u2019avons pas une bonne forme de transport en commun. On trop pollue, sans avoir les sortes de festivals comme l\u2019Alternatiba.<\/p>\n<p>&nbsp;<\/p>\n","protected":false},"excerpt":{"rendered":"<p>&nbsp; &nbsp; &nbsp; &nbsp; Description\u00a0: Je vous\u00a0montre une photo de l\u2019Alternatiba, un festival qui s\u2019est pass\u00e9 le week-end dernier. Dans le festival, il y avait plusieurs vendeurs, stands et scientistes qui ont expliqu\u00e9 comment on peut vivre dans le monde sans impacter l\u2019environnement. Le festival \u00e9tait port\u00e9 sur le r\u00e9chauffement climatique, avec lequel notre soci\u00e9t\u00e9 [&hellip;]<\/p>\n","protected":false},"author":3663,"featured_media":0,"comment_status":"open","ping_status":"open","sticky":false,"template":"","format":"standard","meta":{"footnotes":""},"categories":[139008],"tags":[],"class_list":["post-120","post","type-post","status-publish","format-standard","hentry","category-26-09"],"_links":{"self":[{"href":"https:\/\/blogs.dickinson.edu\/fr300automne17\/wp-json\/wp\/v2\/posts\/120","targetHints":{"allow":["GET"]}}],"collection":[{"href":"https:\/\/blogs.dickinson.edu\/fr300automne17\/wp-json\/wp\/v2\/posts"}],"about":[{"href":"https:\/\/blogs.dickinson.edu\/fr300automne17\/wp-json\/wp\/v2\/types\/post"}],"author":[{"embeddable":true,"href":"https:\/\/blogs.dickinson.edu\/fr300automne17\/wp-json\/wp\/v2\/users\/3663"}],"replies":[{"embeddable":true,"href":"https:\/\/blogs.dickinson.edu\/fr300automne17\/wp-json\/wp\/v2\/comments?post=120"}],"version-history":[{"count":0,"href":"https:\/\/blogs.dickinson.edu\/fr300automne17\/wp-json\/wp\/v2\/posts\/120\/revisions"}],"wp:attachment":[{"href":"https:\/\/blogs.dickinson.edu\/fr300automne17\/wp-json\/wp\/v2\/media?parent=120"}],"wp:term":[{"taxonomy":"category","embeddable":true,"href":"https:\/\/blogs.dickinson.edu\/fr300automne17\/wp-json\/wp\/v2\/categories?post=120"},{"taxonomy":"post_tag","embeddable":true,"href":"https:\/\/blogs.dickinson.edu\/fr300automne17\/wp-json\/wp\/v2\/tags?post=120"}],"curies":[{"name":"wp","href":"https:\/\/api.w.org\/{rel}","templated":true}]}}