{"id":158,"date":"2017-10-01T15:26:48","date_gmt":"2017-10-01T15:26:48","guid":{"rendered":"http:\/\/blogs.dickinson.edu\/fr300automne17\/?p=158"},"modified":"2017-10-01T15:34:40","modified_gmt":"2017-10-01T15:34:40","slug":"quand-meme-nous-sommes-tous-fliques","status":"publish","type":"post","link":"https:\/\/blogs.dickinson.edu\/fr300automne17\/2017\/10\/01\/quand-meme-nous-sommes-tous-fliques\/","title":{"rendered":"Quand m\u00eame nous sommes tous fliqu\u00e9s"},"content":{"rendered":"<p><img loading=\"lazy\" decoding=\"async\" class=\"alignnone size-medium wp-image-159\" src=\"http:\/\/blogs.dickinson.edu\/fr300automne17\/files\/2017\/10\/blog-1-pic-300x158.jpg\" alt=\"\" width=\"300\" height=\"158\" srcset=\"https:\/\/blogs.dickinson.edu\/fr300automne17\/files\/2017\/10\/blog-1-pic-300x158.jpg 300w, https:\/\/blogs.dickinson.edu\/fr300automne17\/files\/2017\/10\/blog-1-pic-768x403.jpg 768w, https:\/\/blogs.dickinson.edu\/fr300automne17\/files\/2017\/10\/blog-1-pic-1024x538.jpg 1024w, https:\/\/blogs.dickinson.edu\/fr300automne17\/files\/2017\/10\/blog-1-pic.jpg 1200w\" sizes=\"auto, (max-width: 300px) 100vw, 300px\" \/><\/p>\n<p><span style=\"font-weight: 400\">Tic tac tic tac <\/span><\/p>\n<p><span style=\"font-weight: 400\">Tic flaq tic flaq<\/span><\/p>\n<p><span style=\"font-weight: 400\">Fliq Flaq Fliq Flaq<\/span><\/p>\n<p><span style=\"font-weight: 400\">Fliq fliq fliq fliq <\/span><\/p>\n<p><span style=\"font-weight: 400\">fliq fliq fliq fliq\u2026<\/span><\/p>\n<p><span style=\"font-weight: 400\">fliq-er fliq-er fliq-er fliq-er&#8230;<\/span><\/p>\n<p><span style=\"font-weight: 400\">Comme une horloge se fait tic tac<\/span><\/p>\n<p>&nbsp;<\/p>\n<p><b>Description<\/b><span style=\"font-weight: 400\">:<\/span><\/p>\n<p><span style=\"font-weight: 400\">Quand je pense \u00e0 ce que j\u2019ai vu pr\u00e8s de la place Capitol devant la c\u00f4te du Zara <\/span><b>au coin de la <\/b><span style=\"font-weight: 400\">Rue Lafayette j\u2019entends une horloge qui se fait tic-tac dans ma t\u00eate. J\u2019entends &lt;&lt; fliq flaq fliq flaq &gt;&gt; un son qui commence \u00e0 me \u201cfliquer\u201d. L\u2019histoire que nos yeux, nous les pi\u00e9tons, avons t\u00e9moign\u00e9s et que l\u2019homme, l\u2019\u00eatre humain qui &#8211; de qui son humanit\u00e9 \u00e9tait en question et pire menac\u00e9 \u00e0 travers la mani\u00e8re dont le policier lui a cri\u00e9 dans la rue &#8211; nous a tous \u201cfliqu\u00e9s\u201d. Mes yeux ont pris conscient d\u2019une histoire tragique de deux hommes qui ont appris \u00e0 faire du terrain francais et surtout toulousain. <\/span><\/p>\n<p><span style=\"font-weight: 400\">Plus pr\u00e9cis\u00e9ment, j\u2019ai vu un policier qui a arr\u00eat\u00e9 un homme d\u2019origine, qui me semble, Maghreb. J\u2019ai vu l\u2019homme qui a \u00e9t\u00e9 arr\u00eat\u00e9 en train de supplier le policier \u00e0 lui parler comme un \u00eatre humain. Il a dit \u201c s\u2019il vous pla\u00eet Monsieur\u2026. nous sommes tous des Fran\u00e7ais\u2026. pourquoi vous me parlez comme \u00e7a?&#8230;s\u2019il vous pla\u00eet un petit peu de respect\u2026.\u201d Ainsi que j\u2019ai pass\u00e9 dernier l\u2019homme arr\u00eat\u00e9 tout de suite j\u2019ai entendu le policier dit \u201c&#8230; Ta gueule ! &#8230;\u201d Je me suis tourn\u00e9 mon dos en train d\u2019observer les visages des passants dans la Rue Lafayette qui ont aussi v\u00e9cu cet exp\u00e9rience avec moi. \u00c0 partir de cette instant j\u2019ai bien compris que nous sommes tous \u201cfliqu\u00e9s\u201d par les policiers. <\/span><\/p>\n<p>&nbsp;<\/p>\n<p><b>Interpretation<\/b><span style=\"font-weight: 400\">:<\/span><\/p>\n<p><span style=\"font-weight: 400\">Ils nous \u201cfliquent\u201d<\/span><\/p>\n<p><span style=\"font-weight: 400\">On essaie d\u2019avoir le contr\u00f4le de nos vies<\/span><\/p>\n<p><span style=\"font-weight: 400\">Mais quand m\u00eame nos actions sont \u201cfliqu\u00e9es\u201d par eux<\/span><\/p>\n<p><span style=\"font-weight: 400\">Une institution qui nous \u201cflique\u201d &#8211; nos comportements<\/span><\/p>\n<p><span style=\"font-weight: 400\">Qu\u2019ils soient dans le cadre de celle que l\u2019\u00c9tat fran\u00e7ais prononce comme un bon citoyen fran\u00e7ais<\/span><\/p>\n<p><span style=\"font-weight: 400\">Le mot \u2018bon\u2019 \u00e9gale \u00e0 civiliser<\/span><\/p>\n<p><span style=\"font-weight: 400\">Et si on n\u2019est pas consid\u00e9r\u00e9 civiliser <\/span><\/p>\n<p><span style=\"font-weight: 400\">Donc cela produise des diff\u00e9rends types d\u2019histoires<\/span><\/p>\n<p>&nbsp;<\/p>\n<p><span style=\"font-weight: 400\">La prose qui se trouve ci-dessus est mon avis des policiers. J\u2019ai partag\u00e9 mes avis avec une amie qui a pass\u00e9 plus que cinq ans en France, donc elle a bien saisi les cultures fran\u00e7aises et surtout une vie quotidienne fran\u00e7aise. Apr\u00e8s la premi\u00e8re explication de ce que j\u2019ai vu et mes sentiments par rapport \u00e0 ce que tout mon \u00eatre a vit elle m\u2019a dit qu\u2019elle n\u2019a pas compris. Comme habitude je me suis r\u00e9p\u00e9t\u00e9e mes pens\u00e9es sur le fait avec les explications de chacun de mes impressions et plus de d\u00e9tails sur mes th\u00e8ses; heureusement, je pense \u00e0 un moment elle m\u2019a compris. Mais comme mes jugements, \u00e0 mon avis, sont nouvelles \u00e0 elle, elle n\u2019avait pas les mots \u00e0 me reprendre. Elle m\u2019a dit qu\u2019elle a compris mes sentiments, mais en m\u00eame temps j\u2019ai vu dans son comportement qu\u2019elle avait un air flou. Pour \u00eatre s\u00fbr que j\u2019ai bien interpr\u00e9t\u00e9 mes id\u00e9es, je lui ai demand\u00e9 encore ce qu\u2019elle m\u2019avait dit le jour o\u00f9 on s\u2019est parl\u00e9 et elle m\u2019a dit que \u201cj\u2019avais l\u2019impression que tu pensais que \u00e7a n\u2019arrivait pas en France.\u201d J\u2019ai pens\u00e9 plut\u00f4t que cela ne va pas arriver pendant mes s\u00e9jours \u00e0 Toulouse, je me suis dit quelle est la probabilit\u00e9 que je vois quelqu\u2019un a \u00e9t\u00e9 arr\u00eat\u00e9 ? Ce que j&#8217;appr\u00e9ciais de comment elle a r\u00e9agi aux choses j\u2019ai exprim\u00e9 c\u2019\u00e9tait que ses oreilles \u00e9taient \u00e0 mon \u00e9coute et qu\u2019elle sympathisait avec l\u2019homme qui a \u00e9t\u00e9 arr\u00eat\u00e9 et la mauvaise mani\u00e8re dont le policier l\u2019a trait\u00e9. Si je me souviens bien on a termin\u00e9 notre conversation sur cette histoire \u00a0\u00a0<\/span><\/p>\n<p><b>Evaluation<\/b><span style=\"font-weight: 400\">:<\/span><\/p>\n<p><span style=\"font-weight: 400\">Un homme qui donne l\u2019impression qu\u2019il a plus d\u2019humanit\u00e9 que l\u2019homme il a saisi dans la pouvoir de ses paroles &#8211; quand il a publiquement pris la porte parole \u00e0 lui en disant<\/span> <span style=\"font-weight: 400\">qu\u2019il travaille. Il est un gardien de la paix ou un flic? Ou est-ce que l\u2019activit\u00e9 de \u201cfliquer\u201d les personnes dans les contextes sociales et mentales font partir de la description d\u2019un policier?<\/span><\/p>\n","protected":false},"excerpt":{"rendered":"<p>Tic tac tic tac Tic flaq tic flaq Fliq Flaq Fliq Flaq Fliq fliq fliq fliq fliq fliq fliq fliq\u2026 fliq-er fliq-er fliq-er fliq-er&#8230; Comme une horloge se fait tic tac &nbsp; Description: Quand je pense \u00e0 ce que j\u2019ai vu pr\u00e8s de la place Capitol devant la c\u00f4te du Zara au coin de la [&hellip;]<\/p>\n","protected":false},"author":2932,"featured_media":0,"comment_status":"open","ping_status":"open","sticky":false,"template":"","format":"standard","meta":{"footnotes":""},"categories":[139008],"tags":[],"class_list":["post-158","post","type-post","status-publish","format-standard","hentry","category-26-09"],"_links":{"self":[{"href":"https:\/\/blogs.dickinson.edu\/fr300automne17\/wp-json\/wp\/v2\/posts\/158","targetHints":{"allow":["GET"]}}],"collection":[{"href":"https:\/\/blogs.dickinson.edu\/fr300automne17\/wp-json\/wp\/v2\/posts"}],"about":[{"href":"https:\/\/blogs.dickinson.edu\/fr300automne17\/wp-json\/wp\/v2\/types\/post"}],"author":[{"embeddable":true,"href":"https:\/\/blogs.dickinson.edu\/fr300automne17\/wp-json\/wp\/v2\/users\/2932"}],"replies":[{"embeddable":true,"href":"https:\/\/blogs.dickinson.edu\/fr300automne17\/wp-json\/wp\/v2\/comments?post=158"}],"version-history":[{"count":0,"href":"https:\/\/blogs.dickinson.edu\/fr300automne17\/wp-json\/wp\/v2\/posts\/158\/revisions"}],"wp:attachment":[{"href":"https:\/\/blogs.dickinson.edu\/fr300automne17\/wp-json\/wp\/v2\/media?parent=158"}],"wp:term":[{"taxonomy":"category","embeddable":true,"href":"https:\/\/blogs.dickinson.edu\/fr300automne17\/wp-json\/wp\/v2\/categories?post=158"},{"taxonomy":"post_tag","embeddable":true,"href":"https:\/\/blogs.dickinson.edu\/fr300automne17\/wp-json\/wp\/v2\/tags?post=158"}],"curies":[{"name":"wp","href":"https:\/\/api.w.org\/{rel}","templated":true}]}}