{"id":174,"date":"2017-10-02T12:03:24","date_gmt":"2017-10-02T12:03:24","guid":{"rendered":"http:\/\/blogs.dickinson.edu\/fr300automne17\/?p=174"},"modified":"2017-10-02T13:12:21","modified_gmt":"2017-10-02T13:12:21","slug":"les-nouvelles-couleurs-dans-le-musee-des-augustins","status":"publish","type":"post","link":"https:\/\/blogs.dickinson.edu\/fr300automne17\/2017\/10\/02\/les-nouvelles-couleurs-dans-le-musee-des-augustins\/","title":{"rendered":"Les nouvelles couleurs au mus\u00e9e des augustins\u00a0"},"content":{"rendered":"<div><span style=\"font-size: xx-small\"><span style=\"font-size: xx-small\"><br \/>\n<\/span><\/span><img loading=\"lazy\" decoding=\"async\" class=\"size-medium wp-image-175\" src=\"http:\/\/blogs.dickinson.edu\/fr300automne17\/files\/2017\/10\/vsco-photo-1-225x300.jpg\" alt=\"\" width=\"225\" height=\"300\" srcset=\"https:\/\/blogs.dickinson.edu\/fr300automne17\/files\/2017\/10\/vsco-photo-1-225x300.jpg 225w, https:\/\/blogs.dickinson.edu\/fr300automne17\/files\/2017\/10\/vsco-photo-1-768x1024.jpg 768w\" sizes=\"auto, (max-width: 225px) 100vw, 225px\" \/><\/div>\n<div><span style=\"font-size: xx-small\">\u00a0<\/span><\/div>\n<div><span style=\"font-size: xx-small\">Description\u00a0<\/span><\/div>\n<div><\/div>\n<div><span style=\"font-size: xx-small\"><span style=\"font-size: xx-small\">Voil\u00e0 un photo d\u2019une nouvelle expositio<\/span><\/span><span style=\"font-size: xx-small\">n au Mus\u00e9e des Augustins. L\u2019exposition est faite de nombreuses bobines de ficelle avec toutes les diff\u00e9rentes couleurs. Aujourd\u2019hui, le 1er d\u2019octobre, l\u2019exposition ouvrait. En outre, car c\u2019est le premier jour de la mois, les billets pour entrer au mus\u00e9e \u00e9taient gratuits. Devant l\u2019exposition, il y a une statue d\u2019une femme posant nue. De plus dans le photo, on peut voir derri\u00e8re l\u2019exposition les arches du plafond et le vitrail de la fen\u00eatre. Le mus\u00e9e est plein de telles d\u00e9corations parce qu&#8217;il a \u00e9t\u00e9 un couvent avant d&#8217;\u00eatre transform\u00e9 en un mus\u00e9e.\u00a0<\/span><\/div>\n<div><span style=\"font-size: xx-small\">\u00a0<\/span><\/div>\n<div><span style=\"font-size: xx-small\">Interpr\u00e9tation\u00a0<\/span><\/div>\n<div><span style=\"font-size: xx-small\">\u00a0<\/span><\/div>\n<div><span style=\"font-size: xx-small\">Cette exposition est une combinaison de l\u2019ancien et du nouveau. L\u2019exposition repr\u00e9sente la nouveaut\u00e9 parce que cette photo a \u00e9t\u00e9 prise seulement quinze minutes apr\u00e8s l&#8217;ouverture de l\u2019exposition. J\u2019ai pris la photo en m\u00eame temps que l\u2019artiste \u00e9tait en traine de d\u00e9roulant de plus de bobines de ficelle sur le dessus de la pile. De plus, la nouveaut\u00e9 est \u00e9vidente avec les couleurs incroyablement vivantes. Inversement, la statue devant l\u2019exposition et les d\u00e9tails derri\u00e8re sont l\u2019oppos\u00e9, ils repr\u00e9sentent l\u2019antiquit\u00e9. Le couvent des Augustins a des centaines d&#8217;ann\u00e9es, et l&#8217;art int\u00e9rieur est tout aussi vieux. On peut voir la vieillesse avec l&#8217;usure de la statue et les murs derri\u00e8re. Le m\u00e9lange de ces deux \u0153uvres d&#8217;art cr\u00e9e une repr\u00e9sentation de l&#8217;ancien et du nouveau.<\/span><\/div>\n<div><span style=\"font-size: xx-small\">\u00a0<\/span><\/div>\n<div><span style=\"font-size: xx-small\">\u00c9valuation\u00a0<\/span><\/div>\n<div><span style=\"font-size: xx-small\">\u00a0<\/span><\/div>\n<div><span style=\"font-size: xx-small\">Je trouve cette exposition tr\u00e8s chouette; il \u00e9tait tr\u00e8s innovant parce qu\u2019il utilise les objets tr\u00e8s simples pour cr\u00e9er un visuel magnifique. Les ficelles glissant dans les couleurs vivant; il ajoute une pr\u00e9sence diff\u00e9rente et tr\u00e8s nouvelle dans le mus\u00e9e. J\u2019aime beaucoup la fa\u00e7on dont cette artiste a transform\u00e9 un lieu tr\u00e8s historique et traditionnel en quelque chose de plus vivant. Il n\u2019\u00e9tait pas tr\u00e8s commun de m\u00e9langer des genres d\u2019arts qui s\u2019opposent comme cela dans le m\u00eame zone ou dans la m\u00eame mus\u00e9e. Il \u00e9tait une d\u00e9cision audacieuse de l\u2019artiste et du mus\u00e9e et j&#8217;appr\u00e9cie la cr\u00e9ativit\u00e9 de celui-ci.\u200b<\/span><\/div>\n","protected":false},"excerpt":{"rendered":"<p>\u00a0 Description\u00a0 Voil\u00e0 un photo d\u2019une nouvelle exposition au Mus\u00e9e des Augustins. L\u2019exposition est faite de nombreuses bobines de ficelle avec toutes les diff\u00e9rentes couleurs. Aujourd\u2019hui, le 1er d\u2019octobre, l\u2019exposition ouvrait. En outre, car c\u2019est le premier jour de la mois, les billets pour entrer au mus\u00e9e \u00e9taient gratuits. Devant l\u2019exposition, il y a une [&hellip;]<\/p>\n","protected":false},"author":3660,"featured_media":0,"comment_status":"open","ping_status":"open","sticky":false,"template":"","format":"standard","meta":{"footnotes":""},"categories":[139009],"tags":[],"class_list":["post-174","post","type-post","status-publish","format-standard","hentry","category-03-10"],"_links":{"self":[{"href":"https:\/\/blogs.dickinson.edu\/fr300automne17\/wp-json\/wp\/v2\/posts\/174","targetHints":{"allow":["GET"]}}],"collection":[{"href":"https:\/\/blogs.dickinson.edu\/fr300automne17\/wp-json\/wp\/v2\/posts"}],"about":[{"href":"https:\/\/blogs.dickinson.edu\/fr300automne17\/wp-json\/wp\/v2\/types\/post"}],"author":[{"embeddable":true,"href":"https:\/\/blogs.dickinson.edu\/fr300automne17\/wp-json\/wp\/v2\/users\/3660"}],"replies":[{"embeddable":true,"href":"https:\/\/blogs.dickinson.edu\/fr300automne17\/wp-json\/wp\/v2\/comments?post=174"}],"version-history":[{"count":0,"href":"https:\/\/blogs.dickinson.edu\/fr300automne17\/wp-json\/wp\/v2\/posts\/174\/revisions"}],"wp:attachment":[{"href":"https:\/\/blogs.dickinson.edu\/fr300automne17\/wp-json\/wp\/v2\/media?parent=174"}],"wp:term":[{"taxonomy":"category","embeddable":true,"href":"https:\/\/blogs.dickinson.edu\/fr300automne17\/wp-json\/wp\/v2\/categories?post=174"},{"taxonomy":"post_tag","embeddable":true,"href":"https:\/\/blogs.dickinson.edu\/fr300automne17\/wp-json\/wp\/v2\/tags?post=174"}],"curies":[{"name":"wp","href":"https:\/\/api.w.org\/{rel}","templated":true}]}}