{"id":179,"date":"2017-10-02T14:49:37","date_gmt":"2017-10-02T14:49:37","guid":{"rendered":"http:\/\/blogs.dickinson.edu\/fr300automne17\/?p=179"},"modified":"2017-10-02T14:49:37","modified_gmt":"2017-10-02T14:49:37","slug":"le-tympan-de-st-foy-et-mes-idees-fausses-au-sujet-de-la-laicite","status":"publish","type":"post","link":"https:\/\/blogs.dickinson.edu\/fr300automne17\/2017\/10\/02\/le-tympan-de-st-foy-et-mes-idees-fausses-au-sujet-de-la-laicite\/","title":{"rendered":"Le Tympan de St Foy, et mes id\u00e9es fausses au sujet de la la\u00efcit\u00e9"},"content":{"rendered":"<p>Description:<\/p>\n<p>Notre excursion \u00e0 Rodez et Conques ce weekend \u00e9tait une incroyable exp\u00e9rience sensorielle. J\u2019ai d\u00e9gust\u00e9 un repas extraordinaire au Caf\u00e9 Bras, j\u2019ai trait\u00e9 mes yeux aux \u0153uvres de soulages et Calder au Mus\u00e9e Soulages, et j\u2019ai r\u00e9gal\u00e9 mes oreilles a un concert d\u2019orgue \u00e0 l\u2019Abbatiale St Foy. Pourtant, c\u2019\u00e9tait un pr\u00eatre qui expliquait le tympan de l\u2019Abbatiale qui m\u2019a surtout plu, et enfa\u00eete<\/p>\n<p><img loading=\"lazy\" decoding=\"async\" class=\"size-medium wp-image-181\" src=\"http:\/\/blogs.dickinson.edu\/fr300automne17\/files\/2017\/10\/IMG_20170929_211829-225x300.jpg\" alt=\"\" width=\"225\" height=\"300\" srcset=\"https:\/\/blogs.dickinson.edu\/fr300automne17\/files\/2017\/10\/IMG_20170929_211829-225x300.jpg 225w, https:\/\/blogs.dickinson.edu\/fr300automne17\/files\/2017\/10\/IMG_20170929_211829-768x1024.jpg 768w\" sizes=\"auto, (max-width: 225px) 100vw, 225px\" \/><\/p>\n<p>qui a red\u00e9fini mes attentes de l\u2019\u00c9glise en France. Au long de sa pr\u00e9sentation sur les d\u00e9tails du Tympan, j\u2019ai appris que la relation entre l\u2019\u00c9glise, les peuples, et le patrimoine fran\u00e7aise \u00e9tait beaucoup plus respectueuse et compliqu\u00e9e que j\u2019attendais. La question se pose : quelles \u00e9taient mes attentes et de quelle mani\u00e8re est-ce que l\u2019explication du Tympan de St Foy les a cass\u00e9es ?<\/p>\n<p>Interpr\u00e9tation :<\/p>\n<p>Pour r\u00e9v\u00e9ler mon parti pris religieux, j\u2019ai obtenu mon License d\u2019une \u00e9cole catholique \u00e0 Washington. Cependant, avant d\u2019y arriver \u00e0 Toulouse, je savais que la France n\u2019\u00e9tait pas exactement le pays le plus pieux du monde. Pour \u00eatre plus sp\u00e9cifique, mon Lyc\u00e9e a renforc\u00e9 le fait qu\u2019\u00e0 peu pr\u00e8s 4,5% des Fran\u00e7ais vont \u00e0 l\u2019\u00e9glise chaque semaine . De plus, je savais qu\u2019une grande majorit\u00e9 d\u2019\u00e9glises ont \u00e9t\u00e9 saisies pendant la R\u00e9volution fran\u00e7aise, comme la Basilique de St Sernin. Cela souligne un paradoxe que j\u2019observe de plus en plus ici en France : pour un pays qui va tellement rarement \u00e0 la messe, les \u00e9glises font une part importante du patrimoine fran\u00e7ais. Enfin, le village de Conques \u00e9tait un excellent exemple de ce paradoxe, ou j\u2019estime que la majorit\u00e9 des visiteurs qu\u2019on a rencontr\u00e9s, m\u00eame celui qui faisait le chemin, n\u2019\u00e9taient pas n\u00e9cessairement des \u00ab p\u00e8lerins \u00bb du m\u00eame sens religieux. Pour toutes ces raisons, j\u2019attendais que la pr\u00e9sentation des pr\u00eatres devant le tympan soit beaucoup plus tendue que c\u2019\u00e9tait en r\u00e9alit\u00e9.<\/p>\n<p>Explication :<\/p>\n<p>Au long de la pr\u00e9sentation, le pr\u00eatre de L\u2019Abbatiale a certainement d\u00e9montr\u00e9 les divisions la\u00efques de la France. Par exemple, il faisait des distinctions entre les informations qui seraient faciles de comprendre parmi les visiteurs de l\u2019espace \u00ab public \u00bb, et la \u00ab vision chr\u00e9tienne \u00bb des p\u00e8lerins et des ma\u00e7ons de l\u2019\u00e9poque qui ont construit le tympan. Ce qui m\u2019a surtout surpris \u00e9tait la mani\u00e8re dont les visiteurs, peu importe leurs croyances, ont \u00e9cout\u00e9 le pr\u00eatre articuler en d\u00e9tail \u00ab la vision chr\u00e9tienne \u00bb. Pourquoi ? \u00c0 mon avis, c\u2019est parce que peu importe les croyances personnelles des touristes, le pr\u00eatre connait les d\u00e9tails de ce magnifique aspect du patrimoine fran\u00e7ais que m\u00eame nos guides ne connaissaient pas. De m\u00eame, j\u2019ai beaucoup appr\u00e9ci\u00e9 la mani\u00e8re dont le pr\u00eatre n\u2019a pas expliqu\u00e9 le tympan dans une mani\u00e8re qui \u00e9tait ouvertement religieux. Par contre, il utilisait des r\u00e9f\u00e9rences \u00e0 la \u00ab vision chr\u00e9tienne \u00bb que quand il fallait articuler les aspects important du tympan, et sinon \u00e9taient un guide tr\u00e8s \u00e9loquent, mais un peu comme tous les restes. Cette exp\u00e9rience, cette pr\u00e9sentation du tympan, n\u2019\u00e9tait peut-\u00eatre pas aussi remarquable pour le reste du groupe. Mais pour moi, un catholique qui avait entendu que de mauvaises informations de la communaut\u00e9 catholique en France, cette pr\u00e9sentation a soulign\u00e9 comment un vrai \u00e9change culturel et religieux peut prendre place dans un pays aussi la\u00efque que la France.<\/p>\n","protected":false},"excerpt":{"rendered":"<p>Description: Notre excursion \u00e0 Rodez et Conques ce weekend \u00e9tait une incroyable exp\u00e9rience sensorielle. J\u2019ai d\u00e9gust\u00e9 un repas extraordinaire au Caf\u00e9 Bras, j\u2019ai trait\u00e9 mes yeux aux \u0153uvres de soulages et Calder au Mus\u00e9e Soulages, et j\u2019ai r\u00e9gal\u00e9 mes oreilles a un concert d\u2019orgue \u00e0 l\u2019Abbatiale St Foy. Pourtant, c\u2019\u00e9tait un pr\u00eatre qui expliquait le [&hellip;]<\/p>\n","protected":false},"author":3661,"featured_media":0,"comment_status":"open","ping_status":"open","sticky":false,"template":"","format":"standard","meta":{"footnotes":""},"categories":[139009],"tags":[],"class_list":["post-179","post","type-post","status-publish","format-standard","hentry","category-03-10"],"_links":{"self":[{"href":"https:\/\/blogs.dickinson.edu\/fr300automne17\/wp-json\/wp\/v2\/posts\/179","targetHints":{"allow":["GET"]}}],"collection":[{"href":"https:\/\/blogs.dickinson.edu\/fr300automne17\/wp-json\/wp\/v2\/posts"}],"about":[{"href":"https:\/\/blogs.dickinson.edu\/fr300automne17\/wp-json\/wp\/v2\/types\/post"}],"author":[{"embeddable":true,"href":"https:\/\/blogs.dickinson.edu\/fr300automne17\/wp-json\/wp\/v2\/users\/3661"}],"replies":[{"embeddable":true,"href":"https:\/\/blogs.dickinson.edu\/fr300automne17\/wp-json\/wp\/v2\/comments?post=179"}],"version-history":[{"count":0,"href":"https:\/\/blogs.dickinson.edu\/fr300automne17\/wp-json\/wp\/v2\/posts\/179\/revisions"}],"wp:attachment":[{"href":"https:\/\/blogs.dickinson.edu\/fr300automne17\/wp-json\/wp\/v2\/media?parent=179"}],"wp:term":[{"taxonomy":"category","embeddable":true,"href":"https:\/\/blogs.dickinson.edu\/fr300automne17\/wp-json\/wp\/v2\/categories?post=179"},{"taxonomy":"post_tag","embeddable":true,"href":"https:\/\/blogs.dickinson.edu\/fr300automne17\/wp-json\/wp\/v2\/tags?post=179"}],"curies":[{"name":"wp","href":"https:\/\/api.w.org\/{rel}","templated":true}]}}