{"id":199,"date":"2017-10-03T15:55:35","date_gmt":"2017-10-03T15:55:35","guid":{"rendered":"http:\/\/blogs.dickinson.edu\/fr300automne17\/?p=199"},"modified":"2017-10-06T12:27:49","modified_gmt":"2017-10-06T12:27:49","slug":"conques-et-labbatiale-sainte-foy-de-conques-les-joyaux-caches","status":"publish","type":"post","link":"https:\/\/blogs.dickinson.edu\/fr300automne17\/2017\/10\/03\/conques-et-labbatiale-sainte-foy-de-conques-les-joyaux-caches\/","title":{"rendered":"Conques\u00a0et l\u2019Abbatiale Sainte-Foy de Conques: les joyaux cach\u00e9s"},"content":{"rendered":"<p><img loading=\"lazy\" decoding=\"async\" class=\"size-medium wp-image-200 aligncenter\" style=\"line-height: 1.5\" src=\"http:\/\/blogs.dickinson.edu\/fr300automne17\/files\/2017\/10\/DSC_0532-300x200.jpg\" alt=\"\" width=\"300\" height=\"200\" srcset=\"https:\/\/blogs.dickinson.edu\/fr300automne17\/files\/2017\/10\/DSC_0532-300x200.jpg 300w, https:\/\/blogs.dickinson.edu\/fr300automne17\/files\/2017\/10\/DSC_0532-768x512.jpg 768w, https:\/\/blogs.dickinson.edu\/fr300automne17\/files\/2017\/10\/DSC_0532-1024x683.jpg 1024w\" sizes=\"auto, (max-width: 300px) 100vw, 300px\" \/><\/p>\n<p>Description :<\/p>\n<p>Le week-end dernier, notre groupe est all\u00e9 \u00e0 Conques pour une excursion culturelle. Apr\u00e8s s\u2019\u00eatre arr\u00eat\u00e9 \u00e0 Rodez pour voir une exhibition au mus\u00e9e soulages et d\u00e9jeuner \u00e0 un restaurant chic, nous sommes arriv\u00e9s \u00e0 Conques. On a besoin de suivre beaucoup de rues raides et sinueuses pour atteindre le village ancien. On voit l\u2019\u00e9glise romane qui ressort vraiment \u00e0 premi\u00e8re vue. La nef de l\u2019\u00e9glise et le transept se croisent en formant l\u2019image d\u2019une \u00e9norme croix qu\u2019on peut voir lorsqu\u2019entrer le village. Alors que je m\u2019approchais au centre-ville, j\u2019\u00e9tais choqu\u00e9 par combien ancien, mais aussi combien bien-pr\u00e9serv\u00e9 le village \u00e9tait. Il n\u2019y avait pas de graffiti ou de d\u00e9truis. \u00c7a semble comme on est entr\u00e9 le Moyen \u00c2ge. Finalement, notre groupe a atteint le centre-ville o\u00f9 nous allions s\u00e9journer pendant la nuit.<\/p>\n<p>Cette photo a \u00e9t\u00e9 prise derri\u00e8re l\u2019\u00e9glise connue et devant un foyer. J\u2019ai pris de nombreuses photos \u00e0 Conques mais j\u2019ai choisi celle-ci, car cela exprime vraiment l\u2019\u00e2ge du village.<\/p>\n<p>&nbsp;<\/p>\n<p>Interpr\u00e9tation :<\/p>\n<p>Je pense qu\u2019il y a deux raisons majeures pourquoi, Conques est tel bien-pr\u00e9serv\u00e9. La premi\u00e8re est l\u2019emplacement du village. Cach\u00e9 dans les montagnes, Conques est loin d\u2019autres villes et quoiqu\u2019il y ait du tourisme dans le village, Conques n\u2019est pas accabl\u00e9 par les visiteurs. Puisqu\u2019il n\u2019y a pas trop de visiteurs dans le village, il n\u2019y a pas trop de d\u00e9chets dans les rues et pas trop de circulation. Deuxi\u00e8mement, les b\u00e2timents de Conques sont vieux et tous construits avec le m\u00eame th\u00e8me architectural. Les rues, les restaurants, les magasins et les mus\u00e9es tous partagent l\u2019apparence pareil, tous construits avec de la pierre lourde. Prot\u00e9g\u00e9 par son emplacement isol\u00e9 et par son architecture originale, Conques reste bien-pr\u00e9serv\u00e9.<\/p>\n<p>&nbsp;<\/p>\n<p>\u00c9valuation :<\/p>\n<p>Cette exp\u00e9rience \u00e9tait magique. Non seulement c\u2019\u00e9tait comme un moment d\u2019une autre \u00e9poque, mais en plus j\u2019ai vu un vrai bijou avec l\u2019Abbatiale Sainte-Foy de Conques. Je l\u2019ai \u00e9tudi\u00e9e en lyc\u00e9e et je me suis souvenu que mon prof l\u2019avait cit\u00e9e comme un des meilleurs exemples des \u00e9glises romanes. J\u2019ai d\u00e9j\u00e0 vu plusieurs \u00e9glises gothiques\u00a0en Europe avec ma famille et toutes \u00e9taient merveilleuses. Cependant, c\u2019\u00e9tait la premi\u00e8re fois o\u00f9 j\u2019ai visit\u00e9 une \u00e9glise romane. Pour moi, c\u2019\u00e9tait une exp\u00e9rience sp\u00e9ciale, car la visite a form\u00e9 une connexion entre mon \u00e9ducation et ma passion de voyager. Bien qu\u2019il y ait beaucoup de beaut\u00e9 ici \u00e0 Toulouse, cette exp\u00e9rience a offert beaucoup concernant l\u2019immersion culturelle et l\u2019\u00e9ducation en dehors de la classe.\u00a0C\u2019\u00e9tait plus que je pouvais esp\u00e9rer\u00a0!<\/p>\n","protected":false},"excerpt":{"rendered":"<p>Description : Le week-end dernier, notre groupe est all\u00e9 \u00e0 Conques pour une excursion culturelle. Apr\u00e8s s\u2019\u00eatre arr\u00eat\u00e9 \u00e0 Rodez pour voir une exhibition au mus\u00e9e soulages et d\u00e9jeuner \u00e0 un restaurant chic, nous sommes arriv\u00e9s \u00e0 Conques. On a besoin de suivre beaucoup de rues raides et sinueuses pour atteindre le village ancien. On [&hellip;]<\/p>\n","protected":false},"author":3658,"featured_media":0,"comment_status":"open","ping_status":"open","sticky":false,"template":"","format":"standard","meta":{"footnotes":""},"categories":[139009],"tags":[],"class_list":["post-199","post","type-post","status-publish","format-standard","hentry","category-03-10"],"_links":{"self":[{"href":"https:\/\/blogs.dickinson.edu\/fr300automne17\/wp-json\/wp\/v2\/posts\/199","targetHints":{"allow":["GET"]}}],"collection":[{"href":"https:\/\/blogs.dickinson.edu\/fr300automne17\/wp-json\/wp\/v2\/posts"}],"about":[{"href":"https:\/\/blogs.dickinson.edu\/fr300automne17\/wp-json\/wp\/v2\/types\/post"}],"author":[{"embeddable":true,"href":"https:\/\/blogs.dickinson.edu\/fr300automne17\/wp-json\/wp\/v2\/users\/3658"}],"replies":[{"embeddable":true,"href":"https:\/\/blogs.dickinson.edu\/fr300automne17\/wp-json\/wp\/v2\/comments?post=199"}],"version-history":[{"count":0,"href":"https:\/\/blogs.dickinson.edu\/fr300automne17\/wp-json\/wp\/v2\/posts\/199\/revisions"}],"wp:attachment":[{"href":"https:\/\/blogs.dickinson.edu\/fr300automne17\/wp-json\/wp\/v2\/media?parent=199"}],"wp:term":[{"taxonomy":"category","embeddable":true,"href":"https:\/\/blogs.dickinson.edu\/fr300automne17\/wp-json\/wp\/v2\/categories?post=199"},{"taxonomy":"post_tag","embeddable":true,"href":"https:\/\/blogs.dickinson.edu\/fr300automne17\/wp-json\/wp\/v2\/tags?post=199"}],"curies":[{"name":"wp","href":"https:\/\/api.w.org\/{rel}","templated":true}]}}