{"id":210,"date":"2017-10-03T18:22:59","date_gmt":"2017-10-03T18:22:59","guid":{"rendered":"http:\/\/blogs.dickinson.edu\/fr300automne17\/?p=210"},"modified":"2017-10-03T18:22:59","modified_gmt":"2017-10-03T18:22:59","slug":"la-presse-ecrite","status":"publish","type":"post","link":"https:\/\/blogs.dickinson.edu\/fr300automne17\/2017\/10\/03\/la-presse-ecrite\/","title":{"rendered":"La presse \u00e9crite"},"content":{"rendered":"<p><strong><img loading=\"lazy\" decoding=\"async\" class=\"alignleft size-medium wp-image-211\" src=\"http:\/\/blogs.dickinson.edu\/fr300automne17\/files\/2017\/10\/IMG_0124-225x300.jpg\" alt=\"\" width=\"225\" height=\"300\" srcset=\"https:\/\/blogs.dickinson.edu\/fr300automne17\/files\/2017\/10\/IMG_0124-225x300.jpg 225w, https:\/\/blogs.dickinson.edu\/fr300automne17\/files\/2017\/10\/IMG_0124-768x1024.jpg 768w\" sizes=\"auto, (max-width: 225px) 100vw, 225px\" \/>Description\u00a0:<\/strong> Ceci est une photo de <em>La Marianne, <\/em>un journal s\u00e9minal. Elle trouve son nom du symbole de la R\u00e9publique bien repr\u00e9sent\u00e9 dans l\u2019art, Marianne. Elle monte les articles des journalistes et politiciens fran\u00e7ais sur le sujet de la politique, souvent avec une m\u00e9thode d\u2019\u00e9ditorial. Elle parle des actualit\u00e9s en France et aux ailleurs. On peut voir les couleurs rouge et noir prioritairement qui montrent l\u2019ambiance politique. On pense aux mouvements politiques et aux partis politiques quand on voit ses couleurs ensemble. Cela a cout\u00e9 4 euros. J\u2019ai choisi ce journal parmi beaucoup d\u2019autres parce que j\u2019aimais ses couleurs et sa police de caract\u00e8res. J\u2019ai cherch\u00e9 un journal \u00e0 lire parce que je voulais lire les actualit\u00e9s dans un format diff\u00e9rent qu\u2019un journal typique comme <em>Le Monde. <\/em>J\u2019aime lire <em>The Economist <\/em>chez moi, mais parce que je veux pratiquer mon fran\u00e7ais, je voulais essayer quelque chose de nouveau. J\u2019ai lu plusieurs articles dans ce journal. Ils sont dans les formats vraiment diff\u00e9rents\u00a0: quelques sont courts, quelques sont longues, quelques sont les entretiens. Il y a presque tout.<\/p>\n<p><strong>Interpr\u00e9tation<\/strong>\u00a0: Je ne peux pas penser \u00e0 une publication aux \u00c9tats-Unis qui est vraiment comparable avec <em>La Marianne. <\/em>Par cons\u00e9quent, je peux me demander pourquoi une publication comme celui-ci existe. Quand je consid\u00e8re les tabacs et leurs s\u00e9lections, je veux demander aussi pourquoi la culture du journalisme a un sens diff\u00e9rent en France qu\u2019aux \u00c9tats-Unis.<\/p>\n<p>Dans mon cours d\u2019histoire politique de la France pendant le 20<sup>e<\/sup> si\u00e8cle, mon professeur a expliqu\u00e9 d\u00e9j\u00e0 quelques grands mouvements politiques en France, et une des tendances, particuli\u00e8rement avec le gauche, est d\u2019avoir un journal qui repr\u00e9sente le parti politique. <em>La D\u00e9p\u00eache, <\/em>par exemple, \u00e9tait un journal du gauche radical traditionnellement. Aux \u00c9tats-Unis, il y avait une tradition similaire, et il reste les publications qui ont pr\u00e9f\u00e9rence pour un parti en particulaire. Apr\u00e8s la recherche, c\u2019est clair que <em>La Marianne <\/em>soit pr\u00e9dominante du c\u00f4t\u00e9 gauche.<\/p>\n<p>Mon h\u00f4tesse aime bien la litt\u00e9rature, mais pas les actualit\u00e9s comme moi parce qu\u2019ils sont d\u00e9primants. Elle a raison. Pour elle, sa publication pr\u00e9f\u00e9r\u00e9e sur la politique qui n\u2019est pas typique (comme <em>Le Monde <\/em>ou <em>Lib\u00e9ration<\/em>) est <em>America<\/em>. Nous avons des num\u00e9ros au Centre Dickinson aussi. <em>America <\/em>est comme <em>La Marianne <\/em>dans le contenu, mais plus litt\u00e9raire en la nature de l\u2019analyse. Quand <em>La Marianne <\/em>touche les sujets et r\u00e9gions autour du monde, par le nom, c\u2019est \u00e9vident qu\u2019<em>America <\/em>suit seulement les politiques aux \u00c9tats-Unis et leurs r\u00e9tributions dans la sph\u00e8re mondiale.<\/p>\n<p><strong>Evaluation\u00a0:<\/strong> Je crois que cette publication refl\u00e8te l\u2019esprit politique de la France qui est si embl\u00e9matique. De mes observations, je conclus que la presse en France est plus appr\u00e9ci\u00e9e et int\u00e9gr\u00e9e entre les domaines vari\u00e9s. J\u2019aime d\u2019avoir l\u2019acc\u00e8s aux ressources toutes ensemble comme dans <em>La Marianne. <\/em>L\u2019aspect historique de la presse est essentiel pour comprendre sa nature en France. En addition des faits donnes dans mon cours d\u2019histoire, on peut consid\u00e9rer aussi l\u2019importance des journaux de la R\u00e9sistance pendant la p\u00e9riode Vichy pour informer et unifier les Fran\u00e7ais pendant une situation d\u2019inqui\u00e9tude sans pr\u00e9c\u00e9dente. Je trouve que c\u2019est plus facile de trouver l\u2019information ici, m\u00eame les actualit\u00e9s et les \u00e9ditoriales. C\u2019est vrai \u00e0 Toulouse, mais aussi aux petits villes et villages que j\u2019ai visit\u00e9s.<\/p>\n","protected":false},"excerpt":{"rendered":"<p>Description\u00a0: Ceci est une photo de La Marianne, un journal s\u00e9minal. Elle trouve son nom du symbole de la R\u00e9publique bien repr\u00e9sent\u00e9 dans l\u2019art, Marianne. Elle monte les articles des journalistes et politiciens fran\u00e7ais sur le sujet de la politique, souvent avec une m\u00e9thode d\u2019\u00e9ditorial. Elle parle des actualit\u00e9s en France et aux ailleurs. On [&hellip;]<\/p>\n","protected":false},"author":2925,"featured_media":0,"comment_status":"open","ping_status":"open","sticky":false,"template":"","format":"standard","meta":{"footnotes":""},"categories":[139009],"tags":[],"class_list":["post-210","post","type-post","status-publish","format-standard","hentry","category-03-10"],"_links":{"self":[{"href":"https:\/\/blogs.dickinson.edu\/fr300automne17\/wp-json\/wp\/v2\/posts\/210","targetHints":{"allow":["GET"]}}],"collection":[{"href":"https:\/\/blogs.dickinson.edu\/fr300automne17\/wp-json\/wp\/v2\/posts"}],"about":[{"href":"https:\/\/blogs.dickinson.edu\/fr300automne17\/wp-json\/wp\/v2\/types\/post"}],"author":[{"embeddable":true,"href":"https:\/\/blogs.dickinson.edu\/fr300automne17\/wp-json\/wp\/v2\/users\/2925"}],"replies":[{"embeddable":true,"href":"https:\/\/blogs.dickinson.edu\/fr300automne17\/wp-json\/wp\/v2\/comments?post=210"}],"version-history":[{"count":0,"href":"https:\/\/blogs.dickinson.edu\/fr300automne17\/wp-json\/wp\/v2\/posts\/210\/revisions"}],"wp:attachment":[{"href":"https:\/\/blogs.dickinson.edu\/fr300automne17\/wp-json\/wp\/v2\/media?parent=210"}],"wp:term":[{"taxonomy":"category","embeddable":true,"href":"https:\/\/blogs.dickinson.edu\/fr300automne17\/wp-json\/wp\/v2\/categories?post=210"},{"taxonomy":"post_tag","embeddable":true,"href":"https:\/\/blogs.dickinson.edu\/fr300automne17\/wp-json\/wp\/v2\/tags?post=210"}],"curies":[{"name":"wp","href":"https:\/\/api.w.org\/{rel}","templated":true}]}}