{"id":237,"date":"2017-10-04T15:44:08","date_gmt":"2017-10-04T15:44:08","guid":{"rendered":"http:\/\/blogs.dickinson.edu\/fr300automne17\/?p=237"},"modified":"2017-10-06T12:27:01","modified_gmt":"2017-10-06T12:27:01","slug":"la-fete-de-la-rue-bayard","status":"publish","type":"post","link":"https:\/\/blogs.dickinson.edu\/fr300automne17\/2017\/10\/04\/la-fete-de-la-rue-bayard\/","title":{"rendered":"La f\u00eate de la rue Bayard"},"content":{"rendered":"<p><img loading=\"lazy\" decoding=\"async\" class=\"alignnone size-medium wp-image-238\" src=\"http:\/\/blogs.dickinson.edu\/fr300automne17\/files\/2017\/10\/celebrate-300x151.png\" alt=\"\" width=\"300\" height=\"151\" srcset=\"https:\/\/blogs.dickinson.edu\/fr300automne17\/files\/2017\/10\/celebrate-300x151.png 300w, https:\/\/blogs.dickinson.edu\/fr300automne17\/files\/2017\/10\/celebrate-768x386.png 768w, https:\/\/blogs.dickinson.edu\/fr300automne17\/files\/2017\/10\/celebrate.png 771w\" sizes=\"auto, (max-width: 300px) 100vw, 300px\" \/><\/p>\n<p>Description:<\/p>\n<p>Quand je me suis\u00a0r\u00e9veill\u00e9 ce dimanche matin, j&#8217;ai vu par la fen\u00eatre que la rue Bayard \u00e9tait pleine de personne. Les barricades m\u00e9tallique \u00a0coupaient la rue en deux parties. Le trottoir a devenu un march\u00e9 improvis\u00e9 des v\u00eatements, bandes dessin\u00e9es, collections de CD, et bien plus. Une fanfare jouait de la musique pour les pi\u00e9tons.\u00a0Le maire de Toulouse se promenait dans la rue en parlant avec quelques personnes ordinaires. La rue Bayard n&#8217;est plus tranquille, mais au contraire avec la vitalit\u00e9 et l&#8217;\u00e9nergie. Qu&#8217;est-ce que la raison pour cette f\u00eate myst\u00e9rieuse? La fin d&#8217;un projet de construction.<\/p>\n<p>Interpr\u00e9tation:<\/p>\n<p>En discutant avec ma h\u00f4tesse, elle m&#8217;a dit que ce type de f\u00eate est tr\u00e8s commune pour les villes fran\u00e7aises. C&#8217;est une occasion pour la communaut\u00e9 de se rassembler et remarquer sur le progr\u00e8s. En fait, les habitants de la rue ont contribu\u00e9 en donnant les produits aux certain vendeurs pour r\u00e9colter de l&#8217;argent au nom de charit\u00e9. Il y avait les donations ainsi que les achats. D&#8217;une autre perspective, une camarade de classe fran\u00e7aise m&#8217;a dit que cet \u00e9v\u00e9nement est particuli\u00e8rement special pour les enfants parce qu&#8217;il y a beaucoup des jouets, des bonbons, etc. qui ne sont pas chers.<\/p>\n<p>Evaluation:<\/p>\n<p>En cas de la fete \u00e0\u00a0la rue Bayard, il y avait une opportunit\u00e9 pour tout le monde s&#8217;unit. La communaut\u00e9 \u00e9tait vraiment visible, malgr\u00e9 le mauvais temps. Il y avait une large gamme de personnes d&#8217;\u00e2ges, de nationalit\u00e9s et de professions. \u00a0Aux \u00c9tats-Unis, je vis une exp\u00e9rience tr\u00e8s similaire dans ma ville d&#8217;origine. Chaque ann\u00e9e, ma ville organise une f\u00eate en c\u00e9l\u00e9bration de notre ville. Quand j&#8217;ai vu la f\u00eate \u00e0 dimanche, j&#8217;ai eu un moment de la nostalgie de ma propre enfance.\u00a0La f\u00eate de la rue Bayard est un excellent rappel qu&#8217;ils existent de nombreuses occasions qui peuvent \u00eatre une bonne raison \u00e0 c\u00e9l\u00e9brer.<\/p>\n<p>&nbsp;<\/p>\n","protected":false},"excerpt":{"rendered":"<p>Description: Quand je me suis\u00a0r\u00e9veill\u00e9 ce dimanche matin, j&#8217;ai vu par la fen\u00eatre que la rue Bayard \u00e9tait pleine de personne. Les barricades m\u00e9tallique \u00a0coupaient la rue en deux parties. Le trottoir a devenu un march\u00e9 improvis\u00e9 des v\u00eatements, bandes dessin\u00e9es, collections de CD, et bien plus. Une fanfare jouait de la musique pour les [&hellip;]<\/p>\n","protected":false},"author":3426,"featured_media":0,"comment_status":"open","ping_status":"open","sticky":false,"template":"","format":"standard","meta":{"footnotes":""},"categories":[139009],"tags":[],"class_list":["post-237","post","type-post","status-publish","format-standard","hentry","category-03-10"],"_links":{"self":[{"href":"https:\/\/blogs.dickinson.edu\/fr300automne17\/wp-json\/wp\/v2\/posts\/237","targetHints":{"allow":["GET"]}}],"collection":[{"href":"https:\/\/blogs.dickinson.edu\/fr300automne17\/wp-json\/wp\/v2\/posts"}],"about":[{"href":"https:\/\/blogs.dickinson.edu\/fr300automne17\/wp-json\/wp\/v2\/types\/post"}],"author":[{"embeddable":true,"href":"https:\/\/blogs.dickinson.edu\/fr300automne17\/wp-json\/wp\/v2\/users\/3426"}],"replies":[{"embeddable":true,"href":"https:\/\/blogs.dickinson.edu\/fr300automne17\/wp-json\/wp\/v2\/comments?post=237"}],"version-history":[{"count":0,"href":"https:\/\/blogs.dickinson.edu\/fr300automne17\/wp-json\/wp\/v2\/posts\/237\/revisions"}],"wp:attachment":[{"href":"https:\/\/blogs.dickinson.edu\/fr300automne17\/wp-json\/wp\/v2\/media?parent=237"}],"wp:term":[{"taxonomy":"category","embeddable":true,"href":"https:\/\/blogs.dickinson.edu\/fr300automne17\/wp-json\/wp\/v2\/categories?post=237"},{"taxonomy":"post_tag","embeddable":true,"href":"https:\/\/blogs.dickinson.edu\/fr300automne17\/wp-json\/wp\/v2\/tags?post=237"}],"curies":[{"name":"wp","href":"https:\/\/api.w.org\/{rel}","templated":true}]}}