{"id":292,"date":"2017-11-07T19:40:56","date_gmt":"2017-11-07T19:40:56","guid":{"rendered":"http:\/\/blogs.dickinson.edu\/fr300automne17\/?p=292"},"modified":"2017-11-07T19:40:56","modified_gmt":"2017-11-07T19:40:56","slug":"le-feminisme-europeenne","status":"publish","type":"post","link":"https:\/\/blogs.dickinson.edu\/fr300automne17\/2017\/11\/07\/le-feminisme-europeenne\/","title":{"rendered":"Le F\u00e9minisme europ\u00e9enne"},"content":{"rendered":"<div id=\"attachment_466\" style=\"width: 235px\" class=\"wp-caption alignnone\"><img loading=\"lazy\" decoding=\"async\" aria-describedby=\"caption-attachment-466\" id=\"longdesc-return-466\" class=\"size-medium wp-image-466\" src=\"http:\/\/blogs.dickinson.edu\/fr300automne17\/files\/2017\/10\/Baiser-centre-pompidou-e1510081932952-225x300.jpg\" alt=\"Oeuvre d'art au Centre Pompidou, Paris \" width=\"225\" height=\"300\" longdesc=\"http:\/\/blogs.dickinson.edu\/fr300automne17?longdesc=466&amp;referrer=292\" srcset=\"https:\/\/blogs.dickinson.edu\/fr300automne17\/files\/2017\/10\/Baiser-centre-pompidou-e1510081932952-225x300.jpg 225w, https:\/\/blogs.dickinson.edu\/fr300automne17\/files\/2017\/10\/Baiser-centre-pompidou-e1510081932952-768x1024.jpg 768w\" sizes=\"auto, (max-width: 225px) 100vw, 225px\" \/><p id=\"caption-attachment-466\" class=\"wp-caption-text\">Oeuvre d&#8217;art au Centre Pompidou, Paris &#8220;Le baiser de l&#8217;artiste&#8221;<\/p><\/div>\n<p>Description:<\/p>\n<p>Cette photo montre un oeuvre d\u2019art au Centre Pompidou \u00e0 Paris. L\u2019oeuvre s\u2019appelle \u201cLe baiser de l\u2019artiste\u201d. Dans la description au mus\u00e9e, l\u2019artiste explique qu\u2019elle voulait faire penser le public de la mani\u00e8re de regarder et traiter les femmes. Je crois que cette photo donne une id\u00e9e du f\u00e9minisme en France et comment on l\u2019aper\u00e7oit.<\/p>\n<div><\/div>\n<div>Interpr\u00e9tation:<\/div>\n<div>Quand j\u2019ai discut\u00e9 du f\u00e9minisme avec des fran\u00e7ais, j\u2019ai trouv\u00e9 beaucoup d\u2019id\u00e9es. Une \u00e9tudiante d\u2019origine espagnole me disait qu\u2019elle trouvait l\u2019approche et les vues du f\u00e9minisme de son prof d\u00e9pass\u00e9s. En cours, le prof a dit qu\u2019il faut que les filles ne s\u2019habillent pas d\u2019une mani\u00e8re trop feminine si elles veulent r\u00e9ussir dans le monde du travail.<\/div>\n<div>Clairement, ici en France et aux \u00c9tats-Unis, il y a differences de generation dans la perception.<\/div>\n<div>\n<p>Dans un entretien dans\u00a0<i>Liberation<\/i>, Michelle Perrot dit que \u201caujourd\u2019hui, il n\u2019y a pas de mouvement f\u00e9ministe populaire, avec un c\u00f4t\u00e9 un peu massif qui toucherait un plus grand nombre de femmes\u201d en France, expliquant que beaucoup se sent que les buts du\u00a0mouvement sont d\u00e9j\u00e0 accomplis. Pour example, aux EU, il y a toujours un d\u00e9bat sur l\u2019avortement, mais en France, c\u2019est l\u00e9gal depuis 1975.<\/p>\n<p>Evaluation:<\/p>\n<p>Comme l\u2019affaire Weinstein continue \u00e0 nous montrer, la lutte du f\u00e9minisme ne cesse pas. On cherche encore l\u2019\u00e9galitaire du salaire entre les femmes et les hommes, comme aux \u00c9tats-Unis.<\/p>\n<p>Il y a des differences culturelles aussi; le f\u00e9minisme fran\u00e7ais qui met plus de valeur sur l&#8217;apparence traditionnelle feminine (mon amie \u00e9tait d\u2019accord). Au contraire, aux \u00c9tats-Unis, une apparence f\u00e9minine peut \u00eatre vue comme une faiblesse, qu\u2019une femme qui s\u2019int\u00e9resse \u00e0 son apparence ne s\u2019int\u00e9resse pas au f\u00e9minisme. Ces choses commence \u00e0 changer et continu\u00e8rent \u00e0 developper ; je serai int\u00e9ress\u00e9e de voir comment ma perception du f\u00e9minisme change \u00e0 travers mon ann\u00e9e \u00e0 l\u2019\u00e9tranger.<\/p>\n<\/div>\n<p>&nbsp;<\/p>\n<p>&nbsp;<\/p>\n","protected":false},"excerpt":{"rendered":"<p>Description: Cette photo montre un oeuvre d\u2019art au Centre Pompidou \u00e0 Paris. L\u2019oeuvre s\u2019appelle \u201cLe baiser de l\u2019artiste\u201d. Dans la description au mus\u00e9e, l\u2019artiste explique qu\u2019elle voulait faire penser le public de la mani\u00e8re de regarder et traiter les femmes. Je crois que cette photo donne une id\u00e9e du f\u00e9minisme en France et comment on [&hellip;]<\/p>\n","protected":false},"author":2744,"featured_media":0,"comment_status":"open","ping_status":"open","sticky":false,"template":"","format":"standard","meta":{"footnotes":""},"categories":[139012],"tags":[],"class_list":["post-292","post","type-post","status-publish","format-standard","hentry","category-07-11"],"_links":{"self":[{"href":"https:\/\/blogs.dickinson.edu\/fr300automne17\/wp-json\/wp\/v2\/posts\/292","targetHints":{"allow":["GET"]}}],"collection":[{"href":"https:\/\/blogs.dickinson.edu\/fr300automne17\/wp-json\/wp\/v2\/posts"}],"about":[{"href":"https:\/\/blogs.dickinson.edu\/fr300automne17\/wp-json\/wp\/v2\/types\/post"}],"author":[{"embeddable":true,"href":"https:\/\/blogs.dickinson.edu\/fr300automne17\/wp-json\/wp\/v2\/users\/2744"}],"replies":[{"embeddable":true,"href":"https:\/\/blogs.dickinson.edu\/fr300automne17\/wp-json\/wp\/v2\/comments?post=292"}],"version-history":[{"count":0,"href":"https:\/\/blogs.dickinson.edu\/fr300automne17\/wp-json\/wp\/v2\/posts\/292\/revisions"}],"wp:attachment":[{"href":"https:\/\/blogs.dickinson.edu\/fr300automne17\/wp-json\/wp\/v2\/media?parent=292"}],"wp:term":[{"taxonomy":"category","embeddable":true,"href":"https:\/\/blogs.dickinson.edu\/fr300automne17\/wp-json\/wp\/v2\/categories?post=292"},{"taxonomy":"post_tag","embeddable":true,"href":"https:\/\/blogs.dickinson.edu\/fr300automne17\/wp-json\/wp\/v2\/tags?post=292"}],"curies":[{"name":"wp","href":"https:\/\/api.w.org\/{rel}","templated":true}]}}