{"id":346,"date":"2017-10-15T16:40:24","date_gmt":"2017-10-15T16:40:24","guid":{"rendered":"http:\/\/blogs.dickinson.edu\/fr300automne17\/?p=346"},"modified":"2017-10-15T16:40:24","modified_gmt":"2017-10-15T16:40:24","slug":"lexploration-des-espaces-francais-la-securite","status":"publish","type":"post","link":"https:\/\/blogs.dickinson.edu\/fr300automne17\/2017\/10\/15\/lexploration-des-espaces-francais-la-securite\/","title":{"rendered":"L\u2019exploration des espaces fran\u00e7ais\u00a0: la s\u00e9curit\u00e9"},"content":{"rendered":"<div id=\"attachment_347\" style=\"width: 235px\" class=\"wp-caption alignnone\"><img loading=\"lazy\" decoding=\"async\" aria-describedby=\"caption-attachment-347\" class=\"size-medium wp-image-347\" src=\"http:\/\/blogs.dickinson.edu\/fr300automne17\/files\/2017\/10\/22546762_1682113398527693_1059432161_o-225x300.jpg\" alt=\"\" width=\"225\" height=\"300\" srcset=\"https:\/\/blogs.dickinson.edu\/fr300automne17\/files\/2017\/10\/22546762_1682113398527693_1059432161_o-225x300.jpg 225w, https:\/\/blogs.dickinson.edu\/fr300automne17\/files\/2017\/10\/22546762_1682113398527693_1059432161_o-768x1024.jpg 768w, https:\/\/blogs.dickinson.edu\/fr300automne17\/files\/2017\/10\/22546762_1682113398527693_1059432161_o.jpg 1000w\" sizes=\"auto, (max-width: 225px) 100vw, 225px\" \/><p id=\"caption-attachment-347\" class=\"wp-caption-text\">Une affiche \u00e0 propos de la s\u00e9curit\u00e9 \u00e0 Toulouse<\/p><\/div>\n<p>Description<\/p>\n<p>Cette image montre une affiche qui repr\u00e9sente un policier dans une rue toulousaine avec la l\u00e9gende \u00ab\u00a0deux fois plus de policiers municipaux sur le terrain\u00a0\u00bb avec l\u2019hashtag \u00ab\u00a0trois ans de progr\u00e8s.\u00a0\u00bb Dans le c\u00f4t\u00e9 droit base du poster, il y a le sceau de la Marie de Toulouse et l\u2019insigne de Toulouse en grand, qui souligne que le gouvernement toulousain est le sponsor de ce projet. Il y a un grand point d\u2019exclamation rouge au centre de l\u2019affiche. \u00c0 part un r\u00e9verb\u00e8re, l\u2019affiche est la seule lumi\u00e8re dans cette photo et donc il fonctionne d\u2019ajouter illumination dans la rue pour les citoyens.<\/p>\n<p>&nbsp;<\/p>\n<p>Interpr\u00e9tation<\/p>\n<p>Une explication possible pour cette instance est qu\u2019il y a beaucoup plus de mesures de s\u00e9curit\u00e9 en France (depuis l\u2019attaque de Charlie Hebdo en 2015) pour assurer la s\u00fbret\u00e9 des citoyens, et donc cette affiche explique ces changements concr\u00e8tes avec la police. Une autre explication pour cette image est de fonctionner comme un avertissement aux terroristes potentiels que le gouvernement et la police ont intensifi\u00e9 leurs capacit\u00e9s pour arr\u00eater d\u2019activit\u00e9 terroriste sur le terrain. C\u2019est vraiment une affiche avec deux r\u00f4les, mais le m\u00eame but pour prot\u00e9ger des citoyens fran\u00e7ais. M\u00eame si je me sens s\u00fbr avec cette connaissance, j\u2019ai peur aussi parce que je sais que la population toulousaine ne se sent pas s\u00fbr sans cette protection polici\u00e8re. Je crois que le poster cr\u00e9e une d\u00e9claration os\u00e9e, pas \u00e0 cause de ce qu&#8217;il dit ou montre, mais \u00e0 cause de ce qu&#8217;il repr\u00e9sente symboliquement.<\/p>\n<p>&nbsp;<\/p>\n<p>\u00c9valuation<\/p>\n<p>Je peux voir la r\u00e9alit\u00e9 de cette affiche dans les espaces publics en France, par exemple au m\u00e9tro station de Jean Jaur\u00e8s tous des vendredis l\u2019apr\u00e8s-midi il y a des soldats avec leurs armes militaires en plus de police normale. Je vivais en Isra\u00ebl pour cet \u00e9t\u00e9 et il y avait beaucoup de soldats avec grandes armes que je voyais chaque jour, et donc on peut penser que c\u2019est normal pour moi de voir forts hommes avec grandes armes, mais c\u2019est faux. C\u2019est toujours d\u00e9concertant pour moi d\u2019\u00eatre dans un espace public et les vois. Comme le poster \u00e9voque, peut-\u00eatre c\u2019est n\u00e9cessaire pour des citoyens fran\u00e7ais de se sentir s\u00fbr \u00e0 cause de leur histoire et relation avec de terrorisme. Avec un point de vue d\u2019une Fran\u00e7aise, je serais contente de savoir que le gouvernement prend d\u2019action pour notre s\u00e9curit\u00e9, mais \u00e0 mon avis c\u2019est tr\u00e8s triste que ce niveau de protection soit n\u00e9cessaire.<\/p>\n","protected":false},"excerpt":{"rendered":"<p>Description Cette image montre une affiche qui repr\u00e9sente un policier dans une rue toulousaine avec la l\u00e9gende \u00ab\u00a0deux fois plus de policiers municipaux sur le terrain\u00a0\u00bb avec l\u2019hashtag \u00ab\u00a0trois ans de progr\u00e8s.\u00a0\u00bb Dans le c\u00f4t\u00e9 droit base du poster, il y a le sceau de la Marie de Toulouse et l\u2019insigne de Toulouse en grand, [&hellip;]<\/p>\n","protected":false},"author":2929,"featured_media":0,"comment_status":"open","ping_status":"open","sticky":false,"template":"","format":"standard","meta":{"footnotes":""},"categories":[139011],"tags":[],"class_list":["post-346","post","type-post","status-publish","format-standard","hentry","category-17-10"],"_links":{"self":[{"href":"https:\/\/blogs.dickinson.edu\/fr300automne17\/wp-json\/wp\/v2\/posts\/346","targetHints":{"allow":["GET"]}}],"collection":[{"href":"https:\/\/blogs.dickinson.edu\/fr300automne17\/wp-json\/wp\/v2\/posts"}],"about":[{"href":"https:\/\/blogs.dickinson.edu\/fr300automne17\/wp-json\/wp\/v2\/types\/post"}],"author":[{"embeddable":true,"href":"https:\/\/blogs.dickinson.edu\/fr300automne17\/wp-json\/wp\/v2\/users\/2929"}],"replies":[{"embeddable":true,"href":"https:\/\/blogs.dickinson.edu\/fr300automne17\/wp-json\/wp\/v2\/comments?post=346"}],"version-history":[{"count":0,"href":"https:\/\/blogs.dickinson.edu\/fr300automne17\/wp-json\/wp\/v2\/posts\/346\/revisions"}],"wp:attachment":[{"href":"https:\/\/blogs.dickinson.edu\/fr300automne17\/wp-json\/wp\/v2\/media?parent=346"}],"wp:term":[{"taxonomy":"category","embeddable":true,"href":"https:\/\/blogs.dickinson.edu\/fr300automne17\/wp-json\/wp\/v2\/categories?post=346"},{"taxonomy":"post_tag","embeddable":true,"href":"https:\/\/blogs.dickinson.edu\/fr300automne17\/wp-json\/wp\/v2\/tags?post=346"}],"curies":[{"name":"wp","href":"https:\/\/api.w.org\/{rel}","templated":true}]}}