{"id":350,"date":"2017-10-17T21:57:15","date_gmt":"2017-10-17T21:57:15","guid":{"rendered":"http:\/\/blogs.dickinson.edu\/fr300automne17\/?p=350"},"modified":"2017-10-17T21:57:15","modified_gmt":"2017-10-17T21:57:15","slug":"les-militants","status":"publish","type":"post","link":"https:\/\/blogs.dickinson.edu\/fr300automne17\/2017\/10\/17\/les-militants\/","title":{"rendered":"Les militants"},"content":{"rendered":"<p style=\"text-align: center\"><img loading=\"lazy\" decoding=\"async\" class=\"alignnone size-medium wp-image-427\" src=\"http:\/\/blogs.dickinson.edu\/fr300automne17\/files\/2017\/10\/20171014_113440-e1508276785729-225x300.jpg\" alt=\"\" width=\"225\" height=\"300\" srcset=\"https:\/\/blogs.dickinson.edu\/fr300automne17\/files\/2017\/10\/20171014_113440-e1508276785729-225x300.jpg 225w, https:\/\/blogs.dickinson.edu\/fr300automne17\/files\/2017\/10\/20171014_113440-e1508276785729-768x1024.jpg 768w\" sizes=\"auto, (max-width: 225px) 100vw, 225px\" \/><\/p>\n<p style=\"text-align: center\"><strong>Cin\u00e9ma Utopia \u00e0 Tournefeuille<\/strong><\/p>\n<p>Description:<\/p>\n<p>Samedi derni\u00e8re je suis pass\u00e9e la moiti\u00e9 de ma journ\u00e9e \u00e0 <span class=\"spellver\" title=\"\">Tournefeuille,<\/span> une ville tr\u00e8s sympa et calme sud de Toulouse. J&#8217;ai pris le m\u00e9tro jusqu&#8217;\u00e0 l&#8217;arr\u00eat qui s&#8217;appelle les Ar\u00e8nes est apr\u00e8s\u00a0j&#8217;ai pris le bus 65 \u00e0 l&#8217;abri du bus de l&#8217;\u00e9glise <span class=\"spellver\" title=\"\">Tournefeuille.<\/span> Je l&#8217;ai trouv\u00e9 difficile de trouver le Cin\u00e9ma <span class=\"spellver\" title=\"\">Utopia<\/span> parce que c&#8217;est un b\u00e2timent cach\u00e9 parmi d&#8217;autres \u00e9difices bien connus dans le centre-ville. En somme, j&#8217;\u00e9tais \u00e0 <span class=\"spellver\" title=\"\">Tournefeuille<\/span> pour assister \u00e0 la journ\u00e9e festive de migration organiser par <span class=\"spellver\" title=\"\">Amnesty<\/span> International avec cinq autres <span class=\"spellver\" title=\"Oings, Gongs, Longs\">ONGs<\/span> dont l&#8217;association o\u00f9 je fais mon service civique faisaient partie. Pendant cette journ\u00e9e int\u00e9ressante j&#8217;ai entendu le mot &#8220;les militants&#8221; souvent.<\/p>\n<p>Interpr\u00e9tation:<\/p>\n<p>J&#8217;ai demand\u00e9 de mon chef pourquoi beaucoup de personnes ont employ\u00e9 cette terminologie pendant la journ\u00e9e. Il m&#8217;a dit que c&#8217;\u00e9tait une mani\u00e8re \u00e0 d\u00e9crire les b\u00e9n\u00e9volats. La plupart des participants d&#8217;\u00e9v\u00e9nement \u00e9taient les b\u00e9n\u00e9volats des <span class=\"spellver\" title=\"Oings, Gongs, Longs\">ONGs<\/span> comme M\u00e9decins du Monde, M\u00e9decins Sans Fronti\u00e8re, <span class=\"spellver\" title=\"Amn\u00e9sie, An\u00e9anti, Aneth, M'est, Amn\u00e9sies, Amnistia, Amnistie, Amnisti\u00e9, Ameuta, Ameute, Ameut\u00e9, \u00c2nesse, N'est, Attesta, Atteste, Attest\u00e9, Empesta, Empeste, Empest\u00e9, Aneths, Asti, N'es-tu, M'est-il, N'est-il\">Amnesty<\/span> International, Comit\u00e9 catholique contre la faim et pour la d\u00e9veloppement-Terre Solidaire, R\u00e9seau des <span class=\"spellver\" title=\"\u00c9tudiants, \u00c9tudiant, \u00c9tudiantes, \u00c9tudi\u00e2t, \u00c9tudient, \u00c9tudiante, \u00c9tudi\u00e2tes, \u00c9tudias, D'\u00e9tudiants, D'\u00e9tudiant, L'\u00e9tudiant, M'\u00e9tudiant, N'\u00e9tudiant, S'\u00e9tudiant, T'\u00e9tudiant\">Etudiants<\/span> <span class=\"spellver\" title=\"Toulouse, Touloupes, Moulusses, Voulusses, Douzains, Touloupe, Moulusse, Voulusse, Douzain, T'\u00e9lusses\">Toulousains<\/span> en Soutien aux Exil\u00e9s et R\u00e9fugi\u00e9s, F\u00e9d\u00e9ration des Conseils de Parents d&#8217;\u00c9l\u00e8ves &#8211; 31, et enfin le R\u00e9seau <span class=\"spellver\" title=\"\u00c9ducation, \u00c9ducations, D'\u00e9ducation, L'\u00e9ducation, D'\u00e9ducations\">Education<\/span> Sans Fronti\u00e8res. Selon mon chef, il m&#8217;a bien expliqu\u00e9 qu&#8217;on appelle les b\u00e9n\u00e9volats les militant \u00e0 cause du fait qu&#8217;ils sont passionn\u00e9s d&#8217;un certain sujet, c&#8217;est la raison pour laquelle ils sont souvent d\u00e9crits comme des militant parce qu&#8217;ils ont un trait caract\u00e9ristique que les gens ont vu comme militant. En effet ils sont militants pour une cause.<\/p>\n<p>Evaluation:<\/p>\n<p>J&#8217;\u00e9tais contente que mon chef m&#8217;a\u00a0expliqu\u00e9 le sens du mot, parce que cela fait longtemps que je n&#8217;ai pas compris le sens du mot. J&#8217;ai su la d\u00e9finition du mot, mais je n&#8217;avais pas compris pourquoi le mot est utilis\u00e9 dans le contexte des <span class=\"spellver\" title=\"Oings, Gongs, Longs\">ONGs.<\/span> L&#8217;usage du mot montre la mettre en application d&#8217;une partie de la divise fran\u00e7aise, la &#8220;solidarit\u00e9&#8221;. Je trouve que la journ\u00e9e festive \u00e0 <span class=\"spellver\" title=\"Tourne feuille, Tourne-feuille, Tourne-feuilles\">Tournefeuille<\/span> \u00e9tait un rassemblement pour la solidarit\u00e9 autour du sujet de la migration. En conclusion, j&#8217;\u00e9tais une t\u00e9moigne \u00e0 la solidarit\u00e9 des Fran\u00e7ais pour les gens en situation de pr\u00e9carit\u00e9 ici en France et d&#8217;ailleurs.<\/p>\n","protected":false},"excerpt":{"rendered":"<p>Cin\u00e9ma Utopia \u00e0 Tournefeuille Description: Samedi derni\u00e8re je suis pass\u00e9e la moiti\u00e9 de ma journ\u00e9e \u00e0 Tournefeuille, une ville tr\u00e8s sympa et calme sud de Toulouse. J&#8217;ai pris le m\u00e9tro jusqu&#8217;\u00e0 l&#8217;arr\u00eat qui s&#8217;appelle les Ar\u00e8nes est apr\u00e8s\u00a0j&#8217;ai pris le bus 65 \u00e0 l&#8217;abri du bus de l&#8217;\u00e9glise Tournefeuille. Je l&#8217;ai trouv\u00e9 difficile de trouver [&hellip;]<\/p>\n","protected":false},"author":2932,"featured_media":0,"comment_status":"open","ping_status":"open","sticky":false,"template":"","format":"standard","meta":{"footnotes":""},"categories":[139011],"tags":[],"class_list":["post-350","post","type-post","status-publish","format-standard","hentry","category-17-10"],"_links":{"self":[{"href":"https:\/\/blogs.dickinson.edu\/fr300automne17\/wp-json\/wp\/v2\/posts\/350","targetHints":{"allow":["GET"]}}],"collection":[{"href":"https:\/\/blogs.dickinson.edu\/fr300automne17\/wp-json\/wp\/v2\/posts"}],"about":[{"href":"https:\/\/blogs.dickinson.edu\/fr300automne17\/wp-json\/wp\/v2\/types\/post"}],"author":[{"embeddable":true,"href":"https:\/\/blogs.dickinson.edu\/fr300automne17\/wp-json\/wp\/v2\/users\/2932"}],"replies":[{"embeddable":true,"href":"https:\/\/blogs.dickinson.edu\/fr300automne17\/wp-json\/wp\/v2\/comments?post=350"}],"version-history":[{"count":0,"href":"https:\/\/blogs.dickinson.edu\/fr300automne17\/wp-json\/wp\/v2\/posts\/350\/revisions"}],"wp:attachment":[{"href":"https:\/\/blogs.dickinson.edu\/fr300automne17\/wp-json\/wp\/v2\/media?parent=350"}],"wp:term":[{"taxonomy":"category","embeddable":true,"href":"https:\/\/blogs.dickinson.edu\/fr300automne17\/wp-json\/wp\/v2\/categories?post=350"},{"taxonomy":"post_tag","embeddable":true,"href":"https:\/\/blogs.dickinson.edu\/fr300automne17\/wp-json\/wp\/v2\/tags?post=350"}],"curies":[{"name":"wp","href":"https:\/\/api.w.org\/{rel}","templated":true}]}}