{"id":389,"date":"2017-10-17T18:22:29","date_gmt":"2017-10-17T18:22:29","guid":{"rendered":"http:\/\/blogs.dickinson.edu\/fr300automne17\/?p=389"},"modified":"2017-10-17T18:22:29","modified_gmt":"2017-10-17T18:22:29","slug":"le-musee-paul-dupuy","status":"publish","type":"post","link":"https:\/\/blogs.dickinson.edu\/fr300automne17\/2017\/10\/17\/le-musee-paul-dupuy\/","title":{"rendered":"Le Musee Paul Dupuy"},"content":{"rendered":"<p><img loading=\"lazy\" decoding=\"async\" class=\"alignnone size-medium wp-image-390\" src=\"http:\/\/blogs.dickinson.edu\/fr300automne17\/files\/2017\/10\/musee-225x300.jpg\" alt=\"\" width=\"225\" height=\"300\" srcset=\"https:\/\/blogs.dickinson.edu\/fr300automne17\/files\/2017\/10\/musee-225x300.jpg 225w, https:\/\/blogs.dickinson.edu\/fr300automne17\/files\/2017\/10\/musee.jpg 480w\" sizes=\"auto, (max-width: 225px) 100vw, 225px\" \/><\/p>\n<p>Je vous montre une photo qui s\u2019appelle Toulousaine #8. C\u2019est une photo prise par une photographe qui s\u2019appelle Diana Lui. Cette photo est montr\u00e9e au Mus\u00e9e Paul Dupuy \u00e0 Toulouse dans une exposition qui s\u2019appelle R\u00e9sidence 1+2. Diana Liu est fran\u00e7aise, mais elle a de l\u2019origine marocaine. G\u00e9n\u00e9ralement, elle prend les photos des femmes comme elle, les femmes qui habitent en France, mais ont des origines \u00e9trang\u00e8res. Samedi, je suis all\u00e9 au Mus\u00e9e Paul Dupuy pour le vernissage d\u2019exposition. Au vernissage, il y avait plein du monde avec des origines et des \u00e2ges tr\u00e8s diff\u00e9rents et tout le monde a fait une d\u00e9gustation de vin aussi dans la cour du mus\u00e9e.<\/p>\n<p>Pour moi, c\u2019est la meilleure photo de l\u2019exposition. J\u2019aime bien les couleurs de jaune et de violette dans cette photo. \u00c7a montre une juxtaposition dans le vernissage parce que l\u2019autre partie du vernissage a les photos toute en Noires et blanches. Donc c\u2019est tr\u00e8s \u00e9tonnant de voir une photo en couleur apr\u00e8s seulement le noir et le blanc. J\u2019ai not\u00e9 que dans l\u2019exposition il y avait une lumi\u00e8re qui a soulign\u00e9 les couleurs sur la robe de la femme. \u00c0 l\u2019exposition j\u2019ai parl\u00e9 avec un curateur du mus\u00e9e. Il m\u2019a expliqu\u00e9 que l\u2019exposition montre comment Toulouse interagie avec le reste du monde, comment on peut trouver notre propre place dans le monde. Apr\u00e8s visiter le Mus\u00e9e je me suis connect\u00e9 \u00e0 Internet et j\u2019ai trouv\u00e9 que l\u2019exposition de la R\u00e9sidence 1+2 \u00e9tait au Mus\u00e9e des Abattoirs l\u2019ann\u00e9e derni\u00e8re.<\/p>\n<p>Je pense que cette exposition refl\u00e8te l\u2019esprit de Toulouse. Comme l\u2019exposition, la ville de Toulouse est vraiment internationale. Il y a des gens qui viennent des endroits tr\u00e8s diff\u00e9rents gr\u00e2ce aux universit\u00e9s et industries. \u00c0 Science-Po, par exemple, on a beaucoup d\u2019\u00e9tudiants en \u00e9change avec des programmes comme MONDUS et Airbus est une entreprise globale, qui travaille dans tout le monde.<\/p>\n<p>&nbsp;<\/p>\n","protected":false},"excerpt":{"rendered":"<p>Je vous montre une photo qui s\u2019appelle Toulousaine #8. C\u2019est une photo prise par une photographe qui s\u2019appelle Diana Lui. Cette photo est montr\u00e9e au Mus\u00e9e Paul Dupuy \u00e0 Toulouse dans une exposition qui s\u2019appelle R\u00e9sidence 1+2. Diana Liu est fran\u00e7aise, mais elle a de l\u2019origine marocaine. G\u00e9n\u00e9ralement, elle prend les photos des femmes comme [&hellip;]<\/p>\n","protected":false},"author":3663,"featured_media":0,"comment_status":"open","ping_status":"open","sticky":false,"template":"","format":"standard","meta":{"footnotes":""},"categories":[1],"tags":[],"class_list":["post-389","post","type-post","status-publish","format-standard","hentry","category-uncategorized"],"_links":{"self":[{"href":"https:\/\/blogs.dickinson.edu\/fr300automne17\/wp-json\/wp\/v2\/posts\/389","targetHints":{"allow":["GET"]}}],"collection":[{"href":"https:\/\/blogs.dickinson.edu\/fr300automne17\/wp-json\/wp\/v2\/posts"}],"about":[{"href":"https:\/\/blogs.dickinson.edu\/fr300automne17\/wp-json\/wp\/v2\/types\/post"}],"author":[{"embeddable":true,"href":"https:\/\/blogs.dickinson.edu\/fr300automne17\/wp-json\/wp\/v2\/users\/3663"}],"replies":[{"embeddable":true,"href":"https:\/\/blogs.dickinson.edu\/fr300automne17\/wp-json\/wp\/v2\/comments?post=389"}],"version-history":[{"count":0,"href":"https:\/\/blogs.dickinson.edu\/fr300automne17\/wp-json\/wp\/v2\/posts\/389\/revisions"}],"wp:attachment":[{"href":"https:\/\/blogs.dickinson.edu\/fr300automne17\/wp-json\/wp\/v2\/media?parent=389"}],"wp:term":[{"taxonomy":"category","embeddable":true,"href":"https:\/\/blogs.dickinson.edu\/fr300automne17\/wp-json\/wp\/v2\/categories?post=389"},{"taxonomy":"post_tag","embeddable":true,"href":"https:\/\/blogs.dickinson.edu\/fr300automne17\/wp-json\/wp\/v2\/tags?post=389"}],"curies":[{"name":"wp","href":"https:\/\/api.w.org\/{rel}","templated":true}]}}