{"id":392,"date":"2017-10-17T19:15:42","date_gmt":"2017-10-17T19:15:42","guid":{"rendered":"http:\/\/blogs.dickinson.edu\/fr300automne17\/?p=392"},"modified":"2017-12-06T15:56:14","modified_gmt":"2017-12-06T15:56:14","slug":"le-marche-comme-microcosme-de-la-ville","status":"publish","type":"post","link":"https:\/\/blogs.dickinson.edu\/fr300automne17\/2017\/10\/17\/le-marche-comme-microcosme-de-la-ville\/","title":{"rendered":"Le March\u00e9 Comme Microcosme de la Ville"},"content":{"rendered":"<p>Description\u00a0:<\/p>\n<p>Ce weekend, j&#8217;avais l&#8217;occasion de voyager avec un de mes copains de Grinnell, et sa s\u0153ur au d\u00e9partement Pyr\u00e9n\u00e9es-Atlantiques, en particulier \u00e0 la ville de Biarritz. Avant d&#8217;arriver, j&#8217;avais un itin\u00e9raire dans la t\u00eate qui \u00e9tait toute a fait typique des voyageurs \u00e0 Biarritz : de passer le maximum quantit\u00e9 de temps \u00e0 la plage possible. Mais lorsque la plage ne m&#8217;a pas du tout d\u00e9\u00e7u, je suis ravi de dire que je crois que c&#8217;\u00e9tait en fait Les Halles de Biarritz, ou bien la march\u00e9, que j&#8217;ai appr\u00e9ci\u00e9 le plus.<\/p>\n<p>Interpr\u00e9tation\u00a0:<\/p>\n<p>Pour moi, le march\u00e9 de Biarritz \u00e9tait tout d\u2019abord un microcosme excellent des diff\u00e9rentes cotes de la ville de Biarritz. Premi\u00e8rement, est bien connue comme l\u2019un des meilleures destinations touristiques en France, et avec bonne raison. Lorsque nous avons visit\u00e9 le Samedi Matin, ce n\u2019\u00e9tait pas tr\u00e8s difficile de constater qu\u2019on \u00e9tait quelques un parmi presque des centaines de touristes. Deuxi\u00e8mement, le march\u00e9 nous avons donn\u00e9 l\u2019opportunit\u00e9 de voire, et bien s\u00fbr de gouter, quelques sp\u00e9cialit\u00e9s basques. Moi j\u2019ai surtout aime le fromage de brebis au lait cru, et un verre de \u00ab\u00a0sagarno\u00a0\u00bb, qui est un vin de pomme. Mais enfin mon interpr\u00e9tation sera encore incompl\u00e8te sans partager cette constatation\u00a0qui est tr\u00e8s simple mais pour moi tr\u00e8s int\u00e9ressant\u00a0: Biarritz est une ville incroyablement et ind\u00e9niablement fran\u00e7aise.<\/p>\n<p>R\u00e9action :<\/p>\n<p>Pour \u00e9laborer, Biarritz \u00e9tait pour moi un excellent exemple d&#8217;une diff\u00e8rent mani\u00e8re de la \u00ab mission civilisatrice \u00bb en France. Lorsque Biarritz a une cote qui est surtout Basque, c&#8217;est en construisant la corniche et les Halles, en construisant l&#8217;H\u00f4tel du Palais dans le 19eme si\u00e8cle et en fournissant la ville de Biarritz avec des milliers de vacanciers chaque ann\u00e9e qu\u2019aux longs de quelques si\u00e8cles, c&#8217;est devenu vraiment une ville fran\u00e7aise. Enfin c&#8217;est gr\u00e2ce \u00e0 cette int\u00e9gration \u00e9conomique, qu&#8217;on voie d\u00e9rouler a chaque matin au march\u00e9, qui est responsable de l&#8217;int\u00e9gration plut\u00f4t harmonieuse d&#8217;un notre r\u00e9gion avec une culture minoritaire en France.<img loading=\"lazy\" decoding=\"async\" class=\"size-medium wp-image-394 alignleft\" src=\"http:\/\/blogs.dickinson.edu\/fr300automne17\/files\/2017\/10\/22532079_10211239020796230_1013464830_o-300x225.jpg\" alt=\"\" width=\"300\" height=\"225\" srcset=\"https:\/\/blogs.dickinson.edu\/fr300automne17\/files\/2017\/10\/22532079_10211239020796230_1013464830_o-300x225.jpg 300w, https:\/\/blogs.dickinson.edu\/fr300automne17\/files\/2017\/10\/22532079_10211239020796230_1013464830_o-768x576.jpg 768w, https:\/\/blogs.dickinson.edu\/fr300automne17\/files\/2017\/10\/22532079_10211239020796230_1013464830_o-1024x768.jpg 1024w, https:\/\/blogs.dickinson.edu\/fr300automne17\/files\/2017\/10\/22532079_10211239020796230_1013464830_o.jpg 2048w\" sizes=\"auto, (max-width: 300px) 100vw, 300px\" \/> <img loading=\"lazy\" decoding=\"async\" class=\"size-medium wp-image-395 alignleft\" src=\"http:\/\/blogs.dickinson.edu\/fr300automne17\/files\/2017\/10\/22556106_10213344201711697_236429668_o-225x300.jpg\" alt=\"\" width=\"225\" height=\"300\" srcset=\"https:\/\/blogs.dickinson.edu\/fr300automne17\/files\/2017\/10\/22556106_10213344201711697_236429668_o-225x300.jpg 225w, https:\/\/blogs.dickinson.edu\/fr300automne17\/files\/2017\/10\/22556106_10213344201711697_236429668_o-768x1024.jpg 768w, https:\/\/blogs.dickinson.edu\/fr300automne17\/files\/2017\/10\/22556106_10213344201711697_236429668_o.jpg 1536w\" sizes=\"auto, (max-width: 225px) 100vw, 225px\" \/><\/p>\n","protected":false},"excerpt":{"rendered":"<p>Description\u00a0: Ce weekend, j&#8217;avais l&#8217;occasion de voyager avec un de mes copains de Grinnell, et sa s\u0153ur au d\u00e9partement Pyr\u00e9n\u00e9es-Atlantiques, en particulier \u00e0 la ville de Biarritz. Avant d&#8217;arriver, j&#8217;avais un itin\u00e9raire dans la t\u00eate qui \u00e9tait toute a fait typique des voyageurs \u00e0 Biarritz : de passer le maximum quantit\u00e9 de temps \u00e0 la [&hellip;]<\/p>\n","protected":false},"author":3661,"featured_media":0,"comment_status":"open","ping_status":"open","sticky":false,"template":"","format":"standard","meta":{"footnotes":""},"categories":[139011],"tags":[],"class_list":["post-392","post","type-post","status-publish","format-standard","hentry","category-17-10"],"_links":{"self":[{"href":"https:\/\/blogs.dickinson.edu\/fr300automne17\/wp-json\/wp\/v2\/posts\/392","targetHints":{"allow":["GET"]}}],"collection":[{"href":"https:\/\/blogs.dickinson.edu\/fr300automne17\/wp-json\/wp\/v2\/posts"}],"about":[{"href":"https:\/\/blogs.dickinson.edu\/fr300automne17\/wp-json\/wp\/v2\/types\/post"}],"author":[{"embeddable":true,"href":"https:\/\/blogs.dickinson.edu\/fr300automne17\/wp-json\/wp\/v2\/users\/3661"}],"replies":[{"embeddable":true,"href":"https:\/\/blogs.dickinson.edu\/fr300automne17\/wp-json\/wp\/v2\/comments?post=392"}],"version-history":[{"count":0,"href":"https:\/\/blogs.dickinson.edu\/fr300automne17\/wp-json\/wp\/v2\/posts\/392\/revisions"}],"wp:attachment":[{"href":"https:\/\/blogs.dickinson.edu\/fr300automne17\/wp-json\/wp\/v2\/media?parent=392"}],"wp:term":[{"taxonomy":"category","embeddable":true,"href":"https:\/\/blogs.dickinson.edu\/fr300automne17\/wp-json\/wp\/v2\/categories?post=392"},{"taxonomy":"post_tag","embeddable":true,"href":"https:\/\/blogs.dickinson.edu\/fr300automne17\/wp-json\/wp\/v2\/tags?post=392"}],"curies":[{"name":"wp","href":"https:\/\/api.w.org\/{rel}","templated":true}]}}