{"id":411,"date":"2017-10-17T20:58:53","date_gmt":"2017-10-17T20:58:53","guid":{"rendered":"http:\/\/blogs.dickinson.edu\/fr300automne17\/?p=411"},"modified":"2017-10-17T20:58:53","modified_gmt":"2017-10-17T20:58:53","slug":"une-conference-avec-benoit-hamon","status":"publish","type":"post","link":"https:\/\/blogs.dickinson.edu\/fr300automne17\/2017\/10\/17\/une-conference-avec-benoit-hamon\/","title":{"rendered":"Une conf\u00e9rence avec Beno\u00eet Hamon"},"content":{"rendered":"<p><img loading=\"lazy\" decoding=\"async\" class=\"alignleft size-medium wp-image-412\" src=\"http:\/\/blogs.dickinson.edu\/fr300automne17\/files\/2017\/10\/Photo-13-10-2017-19-18-35-300x225.jpg\" alt=\"\" width=\"300\" height=\"225\" srcset=\"https:\/\/blogs.dickinson.edu\/fr300automne17\/files\/2017\/10\/Photo-13-10-2017-19-18-35-300x225.jpg 300w, https:\/\/blogs.dickinson.edu\/fr300automne17\/files\/2017\/10\/Photo-13-10-2017-19-18-35-768x576.jpg 768w, https:\/\/blogs.dickinson.edu\/fr300automne17\/files\/2017\/10\/Photo-13-10-2017-19-18-35-1024x768.jpg 1024w\" sizes=\"auto, (max-width: 300px) 100vw, 300px\" \/>Description<\/p>\n<p>Ceci est une photo que j\u2019ai prise \u00e0 une conf\u00e9rence avec Beno\u00eet Hamon vendredi dernier. M. Hamon \u00e9tait le candidat du Parti socialiste pendant la derni\u00e8re \u00e9lection pr\u00e9sidentielle, et a gagn\u00e9 seulement 6% du vote pendant le premier rang des \u00e9lections. En juillet, il a quitt\u00e9 le Parti socialiste pour cr\u00e9er son propre mouvement. La conf\u00e9rence \u00e9tait dans un amphith\u00e9\u00e2tre \u00e0 Sciences Po, plein avec pr\u00e8s de 250 \u00e9tudiants. Le th\u00e8me de la conf\u00e9rence \u00e9tait \u00ab\u00a0D\u2019\u00eatre de gauche aujourd\u2019hui\u00a0\u00bb. J\u2019ai not\u00e9 que personne ne portait des v\u00eatements tr\u00e8s formels, m\u00eame M. Hamon, et que personne ne portait des t-shirts politiques, sauf un homme qui portait un t-shirt du slogan d\u2019Obama.<\/p>\n<p>Hamon a parl\u00e9 pour pr\u00e8s de 45 minutes, et puis il a r\u00e9pondu aux questions des \u00e9tudiants. Pour moi, c\u2019\u00e9tait \u00e9trange que les gens qui ont demand\u00e9 les questions \u00e9taient tr\u00e8s directe. Ils \u00e9taient plus ou moins polis, mais ce n\u2019\u00e9tait pas comme je parlerais \u00e0 Hillary Clinton, par exemple.<\/p>\n<p>Interpr\u00e9tation<\/p>\n<p>La nature de la conf\u00e9rence pourrait expliquer par rappeler les diff\u00e9rences entre le syst\u00e8me politique en France et le syst\u00e8me politique aux \u00c9tats-Unis. J\u2019ai l\u2019impression que le pouvoir de l\u2019ex\u00e9cutif en France a un sens plus personnel, parce qu\u2019on vote directement pour le pr\u00e9sident.<\/p>\n<p>La nature de la conf\u00e9rence \u00e9tait peut-\u00eatre une cons\u00e9quence de la nature de Sciences Po. Le syst\u00e8me politique vient de Sciences Po parce que la plupart des gens politiques suivent les cours \u00e0 Sciences Po. Il y a plus des connexions entre le syst\u00e8me universitaire et les hommes politiques, donc c\u2019est un \u00e9v\u00e9nement moins formel. J\u2019ai d\u00e9cid\u00e9 de porter des v\u00eatements un peu plus formels que les autres, parce que c\u2019est meilleur d\u2019\u00eatre trop bien habill\u00e9e que d\u2019\u00eatre mal habill\u00e9e.<\/p>\n<p>Tous les \u00e9tudiants \u00e9taient tr\u00e8s ravis d\u2019\u00eatre l\u00e0, mais restent critiquant. Ils \u00e9taient \u00e0 l\u2019aise dans cet environnement. C\u2019\u00e9tait comme un cours magistral, mais plus captivant. Par mon h\u00f4tesse, l\u2019\u00e9lection n\u2019avait pas d\u2019un candidat bon. Quand on peut avoir un favori entre les gens qu\u2019on n\u2019aime pas, c\u2019est diff\u00e9rent d\u2019avoir un candidat qui parle \u00e0 vos int\u00e9r\u00eats. Aux \u00c9tats-Unis, le syst\u00e8me de deux partis forme une id\u00e9e qu\u2019il y a (en g\u00e9n\u00e9rale) le bon a une cote et le mal \u00e0 l\u2019autre cote.<\/p>\n<p>\u00c9valuation<\/p>\n<p>C\u2019\u00e9tait une exp\u00e9rience vraiment positive. J\u2019ai appris beaucoup de gauche fran\u00e7aise. C\u2019est toujours difficile pour moi de comprendre quelques \u00e9l\u00e9ments de la soci\u00e9t\u00e9 fran\u00e7aise, et je crois que c\u2019est parce que la soci\u00e9t\u00e9 am\u00e9ricaine est plus capitaliste que la soci\u00e9t\u00e9 fran\u00e7aise. Apr\u00e8s la conf\u00e9rence avec M. Hamon, c\u2019\u00e9tait plus clair que les id\u00e9es marxistes restent dans les valeurs \u00e9conomiques et sociales. Les int\u00e9r\u00eats qui sont plus forts surtout \u00e9taient les sujets qui parlent de l\u2019\u00e9conomie, du travail, de la s\u00e9curit\u00e9 sociale. Il y a des valeurs de la politique et des hommes politiques qui sont vraiment diff\u00e9rentes entre les \u00c9tats-Unis et la France.<\/p>\n","protected":false},"excerpt":{"rendered":"<p>Description Ceci est une photo que j\u2019ai prise \u00e0 une conf\u00e9rence avec Beno\u00eet Hamon vendredi dernier. M. Hamon \u00e9tait le candidat du Parti socialiste pendant la derni\u00e8re \u00e9lection pr\u00e9sidentielle, et a gagn\u00e9 seulement 6% du vote pendant le premier rang des \u00e9lections. En juillet, il a quitt\u00e9 le Parti socialiste pour cr\u00e9er son propre mouvement. [&hellip;]<\/p>\n","protected":false},"author":2925,"featured_media":0,"comment_status":"open","ping_status":"open","sticky":false,"template":"","format":"standard","meta":{"footnotes":""},"categories":[139011],"tags":[],"class_list":["post-411","post","type-post","status-publish","format-standard","hentry","category-17-10"],"_links":{"self":[{"href":"https:\/\/blogs.dickinson.edu\/fr300automne17\/wp-json\/wp\/v2\/posts\/411","targetHints":{"allow":["GET"]}}],"collection":[{"href":"https:\/\/blogs.dickinson.edu\/fr300automne17\/wp-json\/wp\/v2\/posts"}],"about":[{"href":"https:\/\/blogs.dickinson.edu\/fr300automne17\/wp-json\/wp\/v2\/types\/post"}],"author":[{"embeddable":true,"href":"https:\/\/blogs.dickinson.edu\/fr300automne17\/wp-json\/wp\/v2\/users\/2925"}],"replies":[{"embeddable":true,"href":"https:\/\/blogs.dickinson.edu\/fr300automne17\/wp-json\/wp\/v2\/comments?post=411"}],"version-history":[{"count":0,"href":"https:\/\/blogs.dickinson.edu\/fr300automne17\/wp-json\/wp\/v2\/posts\/411\/revisions"}],"wp:attachment":[{"href":"https:\/\/blogs.dickinson.edu\/fr300automne17\/wp-json\/wp\/v2\/media?parent=411"}],"wp:term":[{"taxonomy":"category","embeddable":true,"href":"https:\/\/blogs.dickinson.edu\/fr300automne17\/wp-json\/wp\/v2\/categories?post=411"},{"taxonomy":"post_tag","embeddable":true,"href":"https:\/\/blogs.dickinson.edu\/fr300automne17\/wp-json\/wp\/v2\/tags?post=411"}],"curies":[{"name":"wp","href":"https:\/\/api.w.org\/{rel}","templated":true}]}}