{"id":455,"date":"2017-11-08T04:19:21","date_gmt":"2017-11-08T04:19:21","guid":{"rendered":"http:\/\/blogs.dickinson.edu\/fr300automne17\/?p=455"},"modified":"2017-11-11T21:40:04","modified_gmt":"2017-11-11T21:40:04","slug":"la-france-romantique-existe-elle","status":"publish","type":"post","link":"https:\/\/blogs.dickinson.edu\/fr300automne17\/2017\/11\/08\/la-france-romantique-existe-elle\/","title":{"rendered":"La France romantique, existe-elle ?"},"content":{"rendered":"<p><img loading=\"lazy\" decoding=\"async\" class=\"alignnone size-medium wp-image-498\" src=\"http:\/\/blogs.dickinson.edu\/fr300automne17\/files\/2017\/11\/IMG_1591-e1510113574948-225x300.jpg\" alt=\"\" width=\"225\" height=\"300\" srcset=\"https:\/\/blogs.dickinson.edu\/fr300automne17\/files\/2017\/11\/IMG_1591-e1510113574948-225x300.jpg 225w, https:\/\/blogs.dickinson.edu\/fr300automne17\/files\/2017\/11\/IMG_1591-e1510113574948-768x1024.jpg 768w, https:\/\/blogs.dickinson.edu\/fr300automne17\/files\/2017\/11\/IMG_1591-e1510113574948.jpg 1536w\" sizes=\"auto, (max-width: 225px) 100vw, 225px\" \/><\/p>\n<p>Description:<\/p>\n<p>Quand j&#8217;avais quinze ans, je suis venue en France pendant une ann\u00e9e scolaire d&#8217;\u00e9tude. M\u00eame si j&#8217;\u00e9tais consciente du fait que la plupart des personnes quand ils entendent&lt;&lt; France &gt;&gt; ils commencent \u00e0 imaginer un pays tr\u00e8s romantique. On a une obsession avec la langue fran\u00e7aise, les Fran\u00e7ais &#8211; par exemple beaucoup de femmes am\u00e9ricaines des \u00c9tats-Unis trouvent les accents des hommes fran\u00e7ais tr\u00e8s beau et romantique -, la ville de Paris, la mode fran\u00e7aise etc. Je me suis dit comme j&#8217;avais appris la langue fran\u00e7aise, quelques \u00e9l\u00e9ments de la culture fran\u00e7aise \u00e0 travers les conversations que j&#8217;avais engag\u00e9es avec mes enseignants du fran\u00e7ais et j&#8217;avais regard\u00e9 des films fran\u00e7ais avant que je sois partie pour la France, j&#8217;aurais vu la soci\u00e9t\u00e9 fran\u00e7aise d&#8217;un diff\u00e9rent point de vue.<\/p>\n<p>Interpr\u00e9tation:<\/p>\n<p>Pendant mes s\u00e9jours \u00e0 Rennes j&#8217;ai fait une amie et pendant les vacances de Toussaint nous nous sommes retrouv\u00e9 \u00e0 Nantes o\u00f9 elle fait ses \u00e9tudes. Pendant les beaux temps qu&#8217;on a pass\u00e9 ensemble on a parl\u00e9 des avis que j&#8217;avais de la France apr\u00e8s les neuf mois que j&#8217;ai pass\u00e9 \u00e0 Rennes il y a quatre ans et mon amie a pr\u00e9cis\u00e9 sur la question &lt;&lt; Est-ce que tu te sens diff\u00e9remment de la France par rapport \u00e0 ta premi\u00e8re fois en France, comme tu es plus \u00e2g\u00e9 maintenant ? &gt;&gt;. Elle m&#8217;a dit qu&#8217;elle se souvient de temps quand on a parl\u00e9 apr\u00e8s que je suis rentr\u00e9e aux \u00c9tats-Unis de la mani\u00e8re dont j&#8217;ai parl\u00e9 de mes exp\u00e9riences en France et des Fran\u00e7ais. Elle trouvait que j&#8217;\u00e9tais amoureuse du pays, mais elle n&#8217;a pas compris comment j&#8217;\u00e9tais aussi na\u00efve aux choses qui passent autour de moi.<\/p>\n<p>\u00c9valuation:<\/p>\n<p>Apr\u00e8s beaucoup de temps de r\u00e9flexion pendant les temps pour moi o\u00f9 je passe quelques minutes \u00e0 r\u00e9fl\u00e9chir de ma vie et mes exp\u00e9riences, j&#8217;\u00e9tais pr\u00eate \u00e0 lui r\u00e9pondre. C&#8217;est vrai. M\u00eame si je l&#8217;ai ni\u00e9 pendant quatre ans que j&#8217;avais une image id\u00e9aliste et romantique de la France, les deux mois et quelques jours \u00e0 Toulouse m&#8217;a bien frapp\u00e9 avec la r\u00e9alit\u00e9. Je dirai aussi que je comprends mieux maintenant la r\u00e9alit\u00e9 de la vie comme je suis dans ma vingtaine. Je ne veux pas plonger dans les histoires qui m&#8217;ont frapp\u00e9e depuis que j&#8217;ai install\u00e9 \u00e0 Toulouse, parce que j&#8217;essaye \u00e0 oublier quelques histoires parce que si je les pense que je serai perturber. Donc, quand les gens me demandent &lt;&lt; Tu pr\u00e9f\u00e8res quel pays, la France ou les \u00c9tats-Unis ? &gt;&gt; je leur r\u00e9ponds avec &lt;&lt; Je suis traumatis\u00e9e aux \u00c9tats-Unis et ici, donc il n&#8217;y a pas une grande diff\u00e9rence entre les deux pays socialement. &gt;&gt; et des fois j&#8217;ajoute, selon la personne \u00e0 l&#8217;\u00e9coute, &lt;&lt; Mais je pr\u00e9f\u00e8re la solidarit\u00e9 que ressens chez moi. &gt;&gt;<\/p>\n<p>&nbsp;<\/p>\n","protected":false},"excerpt":{"rendered":"<p>Description: Quand j&#8217;avais quinze ans, je suis venue en France pendant une ann\u00e9e scolaire d&#8217;\u00e9tude. M\u00eame si j&#8217;\u00e9tais consciente du fait que la plupart des personnes quand ils entendent&lt;&lt; France &gt;&gt; ils commencent \u00e0 imaginer un pays tr\u00e8s romantique. On a une obsession avec la langue fran\u00e7aise, les Fran\u00e7ais &#8211; par exemple beaucoup de femmes [&hellip;]<\/p>\n","protected":false},"author":2932,"featured_media":0,"comment_status":"open","ping_status":"open","sticky":false,"template":"","format":"standard","meta":{"footnotes":""},"categories":[139012],"tags":[],"class_list":["post-455","post","type-post","status-publish","format-standard","hentry","category-07-11"],"_links":{"self":[{"href":"https:\/\/blogs.dickinson.edu\/fr300automne17\/wp-json\/wp\/v2\/posts\/455","targetHints":{"allow":["GET"]}}],"collection":[{"href":"https:\/\/blogs.dickinson.edu\/fr300automne17\/wp-json\/wp\/v2\/posts"}],"about":[{"href":"https:\/\/blogs.dickinson.edu\/fr300automne17\/wp-json\/wp\/v2\/types\/post"}],"author":[{"embeddable":true,"href":"https:\/\/blogs.dickinson.edu\/fr300automne17\/wp-json\/wp\/v2\/users\/2932"}],"replies":[{"embeddable":true,"href":"https:\/\/blogs.dickinson.edu\/fr300automne17\/wp-json\/wp\/v2\/comments?post=455"}],"version-history":[{"count":0,"href":"https:\/\/blogs.dickinson.edu\/fr300automne17\/wp-json\/wp\/v2\/posts\/455\/revisions"}],"wp:attachment":[{"href":"https:\/\/blogs.dickinson.edu\/fr300automne17\/wp-json\/wp\/v2\/media?parent=455"}],"wp:term":[{"taxonomy":"category","embeddable":true,"href":"https:\/\/blogs.dickinson.edu\/fr300automne17\/wp-json\/wp\/v2\/categories?post=455"},{"taxonomy":"post_tag","embeddable":true,"href":"https:\/\/blogs.dickinson.edu\/fr300automne17\/wp-json\/wp\/v2\/tags?post=455"}],"curies":[{"name":"wp","href":"https:\/\/api.w.org\/{rel}","templated":true}]}}