{"id":468,"date":"2017-11-07T20:10:56","date_gmt":"2017-11-07T20:10:56","guid":{"rendered":"http:\/\/blogs.dickinson.edu\/fr300automne17\/?p=468"},"modified":"2017-11-07T20:10:56","modified_gmt":"2017-11-07T20:10:56","slug":"une-fete-mondiale","status":"publish","type":"post","link":"https:\/\/blogs.dickinson.edu\/fr300automne17\/2017\/11\/07\/une-fete-mondiale\/","title":{"rendered":"Une f\u00eate mondiale"},"content":{"rendered":"<p><img loading=\"lazy\" decoding=\"async\" class=\"size-medium wp-image-469 alignleft\" style=\"line-height: 1.5\" src=\"http:\/\/blogs.dickinson.edu\/fr300automne17\/files\/2017\/11\/IMG_1366-e1510085149668-225x300.jpg\" alt=\"\" width=\"225\" height=\"300\" srcset=\"https:\/\/blogs.dickinson.edu\/fr300automne17\/files\/2017\/11\/IMG_1366-e1510085149668-225x300.jpg 225w, https:\/\/blogs.dickinson.edu\/fr300automne17\/files\/2017\/11\/IMG_1366-e1510085149668-768x1024.jpg 768w\" sizes=\"auto, (max-width: 225px) 100vw, 225px\" \/>Description :<\/p>\n<p>Cette photo a \u00e9t\u00e9 prise jeudi dernier \u00e0 une f\u00eate d\u2019anniversaire. Un de mes copains que je me suis fait pendant notre cours de m\u00e9thodologie a organis\u00e9 une soir\u00e9e pour c\u00e9l\u00e9brer son anniversaire en invitant ses nouveaux copains. Apr\u00e8s avoir achet\u00e9 une bouteille de vin au Carrefour proche, je suis arriv\u00e9 devant son immeuble. Apr\u00e8s quelques minutes, mon ami m\u2019a ouvert la porte par l\u2019entremise de l\u2019interphone et je suis entr\u00e9. Puisqu\u2019il est \u00e9tudiant Erasmus, il y avait des gens des quatre coins du monde y compris des pays comme le Br\u00e9sil, l\u2019Allemagne, le Mexique et la France pour ne nommer que quelques endroits. Pendant la f\u00eate d\u2019anniversaire, une pl\u00e9thore de langues ont \u00e9t\u00e9 parl\u00e9es en cr\u00e9ant une atmosph\u00e8re unique et mondaine.<\/p>\n<p>&nbsp;<\/p>\n<p>Interpr\u00e9tation\u00a0:<\/p>\n<p>Quoique les \u00e9tudiants \u00e9trangers viennent des diff\u00e9rentes r\u00e9gions du monde, ils se trouvent confort\u00e9 dans les d\u00e9fis qu\u2019ils doivent affronter. Sauf les Fran\u00e7ais \u00e0 la f\u00eate, tout le monde \u00e9tait \u00e9tranger en peignant \u00e0 parler fran\u00e7ais dans une certaine mesure. Bien que les personnes qui viennent des pays diff\u00e9rents ait du mal avec des d\u00e9fis diff\u00e9rents, on reconnait que nous sommes dans le m\u00eame bateau. Nous nous retrouvons en difficult\u00e9 s\u2019en sentant seuls et frustr\u00e9s de temps en temps. Cependant, quand nous \u00e9coutons les \u00e9preuves des autres \u00e9tudiants \u00e9trangers, on se sent mieux. Par cons\u00e9quent, \u00e7a cr\u00e9e un sentiment de solidarit\u00e9 parmi nous.<\/p>\n<p>&nbsp;<\/p>\n<p>\u00c9valuation\u00a0:<\/p>\n<p>La f\u00eate \u00e9tait r\u00e9v\u00e9latrice de mon s\u00e9jour en France et de l\u2019exp\u00e9rience europ\u00e9enne dans l\u2019ensemble. Depuis le d\u00e9but de mon s\u00e9jour \u00e0 Toulouse, je rencontre des \u00e9tudiants des quatre coins du monde. Avant que je sois arriv\u00e9 en France pour \u00e9tudier \u00e0 l\u2019\u00e9tranger, j\u2019avais d\u00e9cid\u00e9 que quand je suis arriv\u00e9 \u00e0 Toulouse, je voulais me plonger dans la culture et dans la langue fran\u00e7aise. Dans les grandes lignes, je pense que je r\u00e9ussis depuis mon arriv\u00e9e en septembre. Cependant, je ne me suis pas rendu compte que je serais entour\u00e9 de de nombreuses cultures et langues. Bien qu\u2019apprendre le fran\u00e7ais soit le but premier de mes \u00e9tudes ici, j\u2019apprends beaucoup plus de monde dans l\u2019ensemble depuis le d\u00e9but de mon s\u00e9jour.<\/p>\n","protected":false},"excerpt":{"rendered":"<p>Description : Cette photo a \u00e9t\u00e9 prise jeudi dernier \u00e0 une f\u00eate d\u2019anniversaire. Un de mes copains que je me suis fait pendant notre cours de m\u00e9thodologie a organis\u00e9 une soir\u00e9e pour c\u00e9l\u00e9brer son anniversaire en invitant ses nouveaux copains. Apr\u00e8s avoir achet\u00e9 une bouteille de vin au Carrefour proche, je suis arriv\u00e9 devant son [&hellip;]<\/p>\n","protected":false},"author":3658,"featured_media":0,"comment_status":"open","ping_status":"open","sticky":false,"template":"","format":"standard","meta":{"footnotes":""},"categories":[139012],"tags":[],"class_list":["post-468","post","type-post","status-publish","format-standard","hentry","category-07-11"],"_links":{"self":[{"href":"https:\/\/blogs.dickinson.edu\/fr300automne17\/wp-json\/wp\/v2\/posts\/468","targetHints":{"allow":["GET"]}}],"collection":[{"href":"https:\/\/blogs.dickinson.edu\/fr300automne17\/wp-json\/wp\/v2\/posts"}],"about":[{"href":"https:\/\/blogs.dickinson.edu\/fr300automne17\/wp-json\/wp\/v2\/types\/post"}],"author":[{"embeddable":true,"href":"https:\/\/blogs.dickinson.edu\/fr300automne17\/wp-json\/wp\/v2\/users\/3658"}],"replies":[{"embeddable":true,"href":"https:\/\/blogs.dickinson.edu\/fr300automne17\/wp-json\/wp\/v2\/comments?post=468"}],"version-history":[{"count":0,"href":"https:\/\/blogs.dickinson.edu\/fr300automne17\/wp-json\/wp\/v2\/posts\/468\/revisions"}],"wp:attachment":[{"href":"https:\/\/blogs.dickinson.edu\/fr300automne17\/wp-json\/wp\/v2\/media?parent=468"}],"wp:term":[{"taxonomy":"category","embeddable":true,"href":"https:\/\/blogs.dickinson.edu\/fr300automne17\/wp-json\/wp\/v2\/categories?post=468"},{"taxonomy":"post_tag","embeddable":true,"href":"https:\/\/blogs.dickinson.edu\/fr300automne17\/wp-json\/wp\/v2\/tags?post=468"}],"curies":[{"name":"wp","href":"https:\/\/api.w.org\/{rel}","templated":true}]}}