{"id":517,"date":"2017-11-15T03:18:34","date_gmt":"2017-11-15T03:18:34","guid":{"rendered":"http:\/\/blogs.dickinson.edu\/fr300automne17\/?p=517"},"modified":"2017-11-15T03:18:34","modified_gmt":"2017-11-15T03:18:34","slug":"les-cheveux-europeens","status":"publish","type":"post","link":"https:\/\/blogs.dickinson.edu\/fr300automne17\/2017\/11\/15\/les-cheveux-europeens\/","title":{"rendered":"Les cheveux europ\u00e9ens"},"content":{"rendered":"<p><img loading=\"lazy\" decoding=\"async\" class=\"alignnone size-medium wp-image-578\" src=\"http:\/\/blogs.dickinson.edu\/fr300automne17\/files\/2017\/11\/kapelloclipinsfront22-289x300.jpg\" alt=\"\" width=\"289\" height=\"300\" srcset=\"https:\/\/blogs.dickinson.edu\/fr300automne17\/files\/2017\/11\/kapelloclipinsfront22-289x300.jpg 289w, https:\/\/blogs.dickinson.edu\/fr300automne17\/files\/2017\/11\/kapelloclipinsfront22.jpg 530w\" sizes=\"auto, (max-width: 289px) 100vw, 289px\" \/><\/p>\n<p>Description:<\/p>\n<p>Depuis un moment maintenant j&#8217;avais envie de faire un brushing pour voir la longueur de mes cheveux, comme je les ai coup\u00e9s il y a six mois. Mon h\u00f4tesse m&#8217;a sugg\u00e9r\u00e9 o\u00f9 elle fait son brushing, un lyc\u00e9e de CAP coiffeur qui se trouve pr\u00e8s de la place Olivier. Avec mes exp\u00e9riences des salons de coiffeurs aux \u00c9tats-Unis, je sais que lesquels qui sont g\u00e9r\u00e9s par des gens qui ne comprennent pas de cheveux afros n&#8217;arrivent pas \u00e0 nous, les gens avec les cheveux afros, coiff\u00e9, pour les raisons ils ne sont pas ouverts de nous dire. Par cons\u00e9quent, comme nous, les femmes avec des cheveux qui se ressemblent, parlons souvent de nos exp\u00e9riences avec nos cheveux, on partage des informations sur quel salon ou tel personne nous sommes all\u00e9es pour nous coiff\u00e9, les types de produits nous utilisons, etc. Alors, depuis que je peux souvenir j&#8217;avais toute suite comprise &#8220;ne vas pas chez les blancs pour te coiffer.&#8221; M\u00eame si ce n&#8217;\u00e9tait pas seulement les blancs qu&#8217;il faudrait je ne laisserai pas toucher mes cheveux, comme ils sont la majoritaire du pays et de l&#8217;industrie d&#8217;esth\u00e9tique. De la m\u00eame fa\u00e7on, les \u00e9coles esth\u00e9tiques aux \u00c9tats-Unis comme ici en France sont bas\u00e9s sur les esth\u00e9tiques des caucasiens.<\/p>\n<p>De toute fa\u00e7on j&#8217;ai appel\u00e9 le lyc\u00e9e Jasmin pour demander s&#8217;ils font des cheveux afros naturel et la personne m&#8217;a dit que &#8220;oui, ils les font.&#8221; Je me suis dit &#8220;Behn, je prends un rendez-vous !&#8221; Donc, jeudi dernier je suis all\u00e9e pour mon rendez-vous et apr\u00e8s dix minutes j&#8217;ai quitt\u00e9 le salon pour retourner \u00e0 la maison.<\/p>\n<p>Interpr\u00e9tation:<\/p>\n<p>Quand j&#8217;ai expliqu\u00e9 \u00e0 la fille de mon h\u00f4tesse que les filles du salon ne pouvaient pas me coiffer parce qu&#8217;elles ne sont pas enseign\u00e9es comment prendre soin des cheveux afros elle \u00e9tait tr\u00e8s \u00e9tonn\u00e9e. Quand j&#8217;ai expliqu\u00e9 l&#8217;histoire \u00e0 mon h\u00f4tesse, j&#8217;ai observ\u00e9 qu&#8217;elle avait un air je n&#8217;ai pas bien compris, de toute fa\u00e7on elle s&#8217;est excus\u00e9e pour le fait qu&#8217;elle m&#8217;a sugg\u00e9r\u00e9e le salon de coiffeur. De temps en temps je partage sur un de mes comptes r\u00e9seaux sociaux mes exp\u00e9riences de vie. Apr\u00e8s que j&#8217;ai quitt\u00e9 le salon du lyc\u00e9e j&#8217;ai partag\u00e9 l&#8217;histoire avec mes abonn\u00e9s sur Instagram et quelques-uns m&#8217;ont r\u00e9pondu en disant que ce n&#8217;\u00e9tait pas juste et qu&#8217;ils sont choqu\u00e9s par la mani\u00e8re elles m&#8217;ont trait\u00e9e.<\/p>\n<p>\u00c9valuation:<\/p>\n<p>&nbsp;<\/p>\n<p>Malheureusement, je n&#8217;\u00e9tais pas surprise qu&#8217;elles ne font pas de cheveux afros. J&#8217;\u00e9tais tellement g\u00ean\u00e9e par le fait qu&#8217;ils m&#8217;ont menti au t\u00e9l\u00e9phone en disant qu&#8217;ils savent comment s&#8217;occuper des cheveux afros. De plus, comme le lyc\u00e9e est une \u00e9cole pour l&#8217;apprentissage des esth\u00e9tiques, il n&#8217;y a aucune valable raison que les \u00e9tudiants ne sont pas enseign\u00e9s pour s&#8217;occuper des esth\u00e9tiques des gens qui se trouvent dans au moins la ville. Parmi les plusieurs commentaires que la chef a exprim\u00e9, avant que j&#8217;ai quitt\u00e9 le salon elle m&#8217;a dit &#8220;les cheveux afros sont trop compliqu\u00e9s \u00e0 enseigner \u00e0 nos \u00e9tudiants, donc s&#8217;ils veulent apprendre cela il faut qu&#8217;ils fassent un programme sp\u00e9cial apr\u00e8s leur dipl\u00f4me d&#8217;ici.&#8221; Je lui ai r\u00e9pondu que s&#8217;ils disent qu&#8217;ils s&#8217;occupent des cheveux il faut qu&#8217;ils s&#8217;occupent de tous les types de cheveux. Elle a dit &#8220;Behn, ici on s&#8217;occupe de cheveux europ\u00e9ens.&#8221; Quand j&#8217;ai entendu ces mots tombent de sa bouche c&#8217;\u00e9tait une claque dans la figure.<\/p>\n<p>Question de jour : quelles sont les cheveux europ\u00e9ens ?<\/p>\n<p>On peut constater qu&#8217;ils sont lisses, boucl\u00e9s mais pas trop, moins fris\u00e9s, en fait les cheveux des origines europ\u00e9ennes, les blancs.<\/p>\n<p>Alors, qui sont les Europ\u00e9ens ?<\/p>\n","protected":false},"excerpt":{"rendered":"<p>Description: Depuis un moment maintenant j&#8217;avais envie de faire un brushing pour voir la longueur de mes cheveux, comme je les ai coup\u00e9s il y a six mois. Mon h\u00f4tesse m&#8217;a sugg\u00e9r\u00e9 o\u00f9 elle fait son brushing, un lyc\u00e9e de CAP coiffeur qui se trouve pr\u00e8s de la place Olivier. Avec mes exp\u00e9riences des salons [&hellip;]<\/p>\n","protected":false},"author":2932,"featured_media":0,"comment_status":"open","ping_status":"open","sticky":false,"template":"","format":"standard","meta":{"footnotes":""},"categories":[139013],"tags":[],"class_list":["post-517","post","type-post","status-publish","format-standard","hentry","category-14-11"],"_links":{"self":[{"href":"https:\/\/blogs.dickinson.edu\/fr300automne17\/wp-json\/wp\/v2\/posts\/517","targetHints":{"allow":["GET"]}}],"collection":[{"href":"https:\/\/blogs.dickinson.edu\/fr300automne17\/wp-json\/wp\/v2\/posts"}],"about":[{"href":"https:\/\/blogs.dickinson.edu\/fr300automne17\/wp-json\/wp\/v2\/types\/post"}],"author":[{"embeddable":true,"href":"https:\/\/blogs.dickinson.edu\/fr300automne17\/wp-json\/wp\/v2\/users\/2932"}],"replies":[{"embeddable":true,"href":"https:\/\/blogs.dickinson.edu\/fr300automne17\/wp-json\/wp\/v2\/comments?post=517"}],"version-history":[{"count":0,"href":"https:\/\/blogs.dickinson.edu\/fr300automne17\/wp-json\/wp\/v2\/posts\/517\/revisions"}],"wp:attachment":[{"href":"https:\/\/blogs.dickinson.edu\/fr300automne17\/wp-json\/wp\/v2\/media?parent=517"}],"wp:term":[{"taxonomy":"category","embeddable":true,"href":"https:\/\/blogs.dickinson.edu\/fr300automne17\/wp-json\/wp\/v2\/categories?post=517"},{"taxonomy":"post_tag","embeddable":true,"href":"https:\/\/blogs.dickinson.edu\/fr300automne17\/wp-json\/wp\/v2\/tags?post=517"}],"curies":[{"name":"wp","href":"https:\/\/api.w.org\/{rel}","templated":true}]}}