{"id":528,"date":"2017-11-14T18:15:54","date_gmt":"2017-11-14T18:15:54","guid":{"rendered":"http:\/\/blogs.dickinson.edu\/fr300automne17\/?p=528"},"modified":"2017-11-16T15:51:45","modified_gmt":"2017-11-16T15:51:45","slug":"la-cathedrale-sainte-cecile","status":"publish","type":"post","link":"https:\/\/blogs.dickinson.edu\/fr300automne17\/2017\/11\/14\/la-cathedrale-sainte-cecile\/","title":{"rendered":"La Cathedrale Sainte-Cecile"},"content":{"rendered":"<p><img loading=\"lazy\" decoding=\"async\" class=\"size-medium wp-image-529 alignleft\" src=\"http:\/\/blogs.dickinson.edu\/fr300automne17\/files\/2017\/11\/cecile-225x300.jpg\" alt=\"\" width=\"225\" height=\"300\" srcset=\"https:\/\/blogs.dickinson.edu\/fr300automne17\/files\/2017\/11\/cecile-225x300.jpg 225w, https:\/\/blogs.dickinson.edu\/fr300automne17\/files\/2017\/11\/cecile.jpg 480w\" sizes=\"auto, (max-width: 225px) 100vw, 225px\" \/><\/p>\n<p>Ceci est une photo de la cath\u00e9drale de Sainte-C\u00e9cile \u00e0 Albi, France. La cath\u00e9drale \u00e9tait construite apr\u00e8s la croisade albigeois pour renforcer le pourvoir de l\u2019\u00e9glise catholique. Il a pris plus que deux cents ans pour construire la basilique. Je suis all\u00e9 \u00e0 cette cath\u00e9drale avec mon p\u00e8re qui \u00e9tait \u00e0 Toulouse le weekend dernier. Dans la cath\u00e9drale il y a le dernier jub\u00e9 en France. Il est vraiment magnifique parce qu\u2019il est construit dans le style gothique, ce qui est vraiment impressionnant. En fait, on a appris que la cath\u00e9drale est le plus grand b\u00e2timent en briques du monde.<\/p>\n<p>On n\u2019a pas cherch\u00e9 des photos de cette cath\u00e9drale donc c\u2019\u00e9tait extr\u00eamement \u00e9tonnant quand on a vu la cath\u00e9drale pour la premi\u00e8re fois. Je pense qu\u2019on avait la chance d\u2019aller en novembre parce qu\u2019il n\u2019y avait personne. On a la cath\u00e9drale pour presque nous-m\u00eame. A la cath\u00e9drale, il y a les guides audios. On \u00e9tait un peu h\u00e9sitant de louer ces guides audios, mais on les a lou\u00e9es et c\u2019\u00e9tait vraiment incroyable. La guide nous a expliqu\u00e9 toute l\u2019histoire de la cath\u00e9drale et le symbolisme des images chr\u00e9tiennes. J\u2019ai appris un peu de l\u2019histoire des cathares avec le tour de M. Cr\u00e9ma, mais cette guide m\u2019a enseign\u00e9 beaucoup plus. Si vous avez la chance d\u2019aller \u00e0 la Cath\u00e9drale, il faut louer les guides et apprendre l\u2019histoire.<\/p>\n<p>C\u2019est exactement pour cette raison que mon h\u00f4te d\u00e9teste Albi. En \u00e9t\u00e9, Albi est vraiment une destination touristique. Toutes les touristes ne savent pas l\u2019histoire du g\u00e9nocide des cathares. Ils admirent l\u2019architecture belle d\u2019Albi sans l\u2019appr\u00e9ciation pour l\u2019effusion de sang et les d\u00e9fis de l\u2019\u00e9poque. Je pense que sa r\u00e9action est un peu extr\u00eame, il ne faut pas d\u00e9tester quelques choses juste parce qu\u2019il y a des touristes, mais au m\u00eame temps je connais sa frustration<\/p>\n","protected":false},"excerpt":{"rendered":"<p>Ceci est une photo de la cath\u00e9drale de Sainte-C\u00e9cile \u00e0 Albi, France. La cath\u00e9drale \u00e9tait construite apr\u00e8s la croisade albigeois pour renforcer le pourvoir de l\u2019\u00e9glise catholique. Il a pris plus que deux cents ans pour construire la basilique. Je suis all\u00e9 \u00e0 cette cath\u00e9drale avec mon p\u00e8re qui \u00e9tait \u00e0 Toulouse le weekend dernier. [&hellip;]<\/p>\n","protected":false},"author":3663,"featured_media":0,"comment_status":"open","ping_status":"open","sticky":false,"template":"","format":"standard","meta":{"footnotes":""},"categories":[139013],"tags":[],"class_list":["post-528","post","type-post","status-publish","format-standard","hentry","category-14-11"],"_links":{"self":[{"href":"https:\/\/blogs.dickinson.edu\/fr300automne17\/wp-json\/wp\/v2\/posts\/528","targetHints":{"allow":["GET"]}}],"collection":[{"href":"https:\/\/blogs.dickinson.edu\/fr300automne17\/wp-json\/wp\/v2\/posts"}],"about":[{"href":"https:\/\/blogs.dickinson.edu\/fr300automne17\/wp-json\/wp\/v2\/types\/post"}],"author":[{"embeddable":true,"href":"https:\/\/blogs.dickinson.edu\/fr300automne17\/wp-json\/wp\/v2\/users\/3663"}],"replies":[{"embeddable":true,"href":"https:\/\/blogs.dickinson.edu\/fr300automne17\/wp-json\/wp\/v2\/comments?post=528"}],"version-history":[{"count":0,"href":"https:\/\/blogs.dickinson.edu\/fr300automne17\/wp-json\/wp\/v2\/posts\/528\/revisions"}],"wp:attachment":[{"href":"https:\/\/blogs.dickinson.edu\/fr300automne17\/wp-json\/wp\/v2\/media?parent=528"}],"wp:term":[{"taxonomy":"category","embeddable":true,"href":"https:\/\/blogs.dickinson.edu\/fr300automne17\/wp-json\/wp\/v2\/categories?post=528"},{"taxonomy":"post_tag","embeddable":true,"href":"https:\/\/blogs.dickinson.edu\/fr300automne17\/wp-json\/wp\/v2\/tags?post=528"}],"curies":[{"name":"wp","href":"https:\/\/api.w.org\/{rel}","templated":true}]}}