{"id":547,"date":"2017-11-14T21:19:49","date_gmt":"2017-11-14T21:19:49","guid":{"rendered":"http:\/\/blogs.dickinson.edu\/fr300automne17\/?p=547"},"modified":"2017-11-14T21:19:49","modified_gmt":"2017-11-14T21:19:49","slug":"pensez-au-tri","status":"publish","type":"post","link":"https:\/\/blogs.dickinson.edu\/fr300automne17\/2017\/11\/14\/pensez-au-tri\/","title":{"rendered":"Pensez au tri !"},"content":{"rendered":"<p><img loading=\"lazy\" decoding=\"async\" class=\"alignleft size-medium wp-image-548\" src=\"http:\/\/blogs.dickinson.edu\/fr300automne17\/files\/2017\/11\/Photo-14-11-2017-16-53-39-e1510694299461-225x300.jpg\" alt=\"\" width=\"225\" height=\"300\" srcset=\"https:\/\/blogs.dickinson.edu\/fr300automne17\/files\/2017\/11\/Photo-14-11-2017-16-53-39-e1510694299461-225x300.jpg 225w, https:\/\/blogs.dickinson.edu\/fr300automne17\/files\/2017\/11\/Photo-14-11-2017-16-53-39-e1510694299461-768x1024.jpg 768w\" sizes=\"auto, (max-width: 225px) 100vw, 225px\" \/><\/p>\n<p>&nbsp;<\/p>\n<p>&nbsp;<\/p>\n<p>&nbsp;<\/p>\n<p>&nbsp;<\/p>\n<p>&nbsp;<\/p>\n<p>&nbsp;<\/p>\n<p>&nbsp;<\/p>\n<p>&nbsp;<\/p>\n<p>Description<\/p>\n<p>&nbsp;<\/p>\n<p>Ceci est une photo que j\u2019ai prise \u00e0 c\u00f4t\u00e9 du campus d\u2019UT1 Arsenal. Quelque chose dans ma vie quotidienne qui me frappe souvent est les d\u00e9chets \u00e0 Toulouse, et aux quelques autres lieux en France. J\u2019avais l\u2019impression que la France est un pays avec une pens\u00e9e plus\u00a0\u00e9cologique du coup mon expectation \u00e9tait diff\u00e9rente que la r\u00e9alit\u00e9.<\/p>\n<p>&nbsp;<\/p>\n<p>&nbsp;<\/p>\n<p>Interpr\u00e9tation<\/p>\n<p>Chez mon h\u00f4te, il y a des r\u00e8gles cadr\u00e9es \u00e0 propos des d\u00e9chets et du recyclage. On met les recyclables dans les boites diff\u00e9rentes pour trier et presque chaque semaine, elle apporte le recyclage aux grandes boites sur les rues. On essaye de ne gaspille pas. En plus, elle m\u2019a montr\u00e9 une boite pour le compost, ou on met les d\u00e9chets des produits qui peuvent d\u00e9composer. Les r\u00e8gles de cette mani\u00e8re \u00e9taient les premi\u00e8res r\u00e8gles que j\u2019ai apprises pendant mon s\u00e9jour. J\u2019ai un ami fran\u00e7ais qui souvent fait des remarques en faveur des produits bio et des r\u00e9formes politiques pour minimiser l\u2019effet de serre. Beaucoup de produits que j\u2019ach\u00e8te ont les conseils comme \u00ab\u00a0pensez au tri\u00a0!\u00a0\u00bb pour demander aux gens de les recycler.<\/p>\n<p>J\u2019ai quelques id\u00e9es pour expliquer ce ph\u00e9nom\u00e8ne. Une des raisons peut \u00eatre que l\u2019espace public est diff\u00e9rente que l\u2019espace priv\u00e9. En Fran\u00e7ais 300, on a lu un article des crottes du chien sur la rue en France, et que la logique de laisser les crottes l\u00e0-bas est \u00e0 cause de l\u2019id\u00e9e d\u2019\u00c9tat providence. C\u2019est peut-\u00eatre l\u00e0 m\u00eame avec les d\u00e9chets \u2013 les Fran\u00e7ais peuvent penser que le gouvernement range les rues et les espaces publics, pas eux.<\/p>\n<p>&nbsp;<\/p>\n<p>C\u2019est peut-\u00eatre aussi un effet de la vie dans une ville. Il y a plus des gens et moins de l\u2019espace vide, par cons\u00e9quent, il apparait qu\u2019il y a beaucoup de d\u00e9chets.<\/p>\n<p>Evaluation<\/p>\n<p>&nbsp;<\/p>\n<p>C\u2019est difficile de choisir une explication qui fait du sens. Je pense que c\u2019est plut\u00f4t un m\u00e9lange des deux hypoth\u00e8ses pr\u00e9sentes. Le rapport entre le citoyen et l\u2019\u00c9tat en France est quelque chose que j\u2019ai des soucis de comprendre. C\u2019est peut-\u00eatre que les voix que j\u2019entends sont surtout les voix des gauchistes qui vraiment pensent souvent \u00e0 leur effet \u00e9cologique. C\u2019est peut-\u00eatre parce que les autres font ce qui est plus simple pour eux. Ceci n\u2019est pas un concept seulement fran\u00e7ais, on le voit partout. L\u2019int\u00e9r\u00eat personnel dirige beaucoup.<\/p>\n","protected":false},"excerpt":{"rendered":"<p>&nbsp; &nbsp; &nbsp; &nbsp; &nbsp; &nbsp; &nbsp; &nbsp; Description &nbsp; Ceci est une photo que j\u2019ai prise \u00e0 c\u00f4t\u00e9 du campus d\u2019UT1 Arsenal. Quelque chose dans ma vie quotidienne qui me frappe souvent est les d\u00e9chets \u00e0 Toulouse, et aux quelques autres lieux en France. J\u2019avais l\u2019impression que la France est un pays avec une [&hellip;]<\/p>\n","protected":false},"author":2925,"featured_media":0,"comment_status":"open","ping_status":"open","sticky":false,"template":"","format":"standard","meta":{"footnotes":""},"categories":[139013],"tags":[],"class_list":["post-547","post","type-post","status-publish","format-standard","hentry","category-14-11"],"_links":{"self":[{"href":"https:\/\/blogs.dickinson.edu\/fr300automne17\/wp-json\/wp\/v2\/posts\/547","targetHints":{"allow":["GET"]}}],"collection":[{"href":"https:\/\/blogs.dickinson.edu\/fr300automne17\/wp-json\/wp\/v2\/posts"}],"about":[{"href":"https:\/\/blogs.dickinson.edu\/fr300automne17\/wp-json\/wp\/v2\/types\/post"}],"author":[{"embeddable":true,"href":"https:\/\/blogs.dickinson.edu\/fr300automne17\/wp-json\/wp\/v2\/users\/2925"}],"replies":[{"embeddable":true,"href":"https:\/\/blogs.dickinson.edu\/fr300automne17\/wp-json\/wp\/v2\/comments?post=547"}],"version-history":[{"count":0,"href":"https:\/\/blogs.dickinson.edu\/fr300automne17\/wp-json\/wp\/v2\/posts\/547\/revisions"}],"wp:attachment":[{"href":"https:\/\/blogs.dickinson.edu\/fr300automne17\/wp-json\/wp\/v2\/media?parent=547"}],"wp:term":[{"taxonomy":"category","embeddable":true,"href":"https:\/\/blogs.dickinson.edu\/fr300automne17\/wp-json\/wp\/v2\/categories?post=547"},{"taxonomy":"post_tag","embeddable":true,"href":"https:\/\/blogs.dickinson.edu\/fr300automne17\/wp-json\/wp\/v2\/tags?post=547"}],"curies":[{"name":"wp","href":"https:\/\/api.w.org\/{rel}","templated":true}]}}