{"id":582,"date":"2017-11-15T12:13:44","date_gmt":"2017-11-15T12:13:44","guid":{"rendered":"http:\/\/blogs.dickinson.edu\/fr300automne17\/?p=582"},"modified":"2017-11-16T15:52:57","modified_gmt":"2017-11-16T15:52:57","slug":"une-discussion-du-racisme","status":"publish","type":"post","link":"https:\/\/blogs.dickinson.edu\/fr300automne17\/2017\/11\/15\/une-discussion-du-racisme\/","title":{"rendered":"Une discussion du racisme"},"content":{"rendered":"<p><img loading=\"lazy\" decoding=\"async\" class=\"alignnone size-medium wp-image-583\" src=\"http:\/\/blogs.dickinson.edu\/fr300automne17\/files\/2017\/11\/23634307_1582165141840404_1752758422_o-169x300.jpg\" alt=\"\" width=\"169\" height=\"300\" srcset=\"https:\/\/blogs.dickinson.edu\/fr300automne17\/files\/2017\/11\/23634307_1582165141840404_1752758422_o-169x300.jpg 169w, https:\/\/blogs.dickinson.edu\/fr300automne17\/files\/2017\/11\/23634307_1582165141840404_1752758422_o-768x1365.jpg 768w, https:\/\/blogs.dickinson.edu\/fr300automne17\/files\/2017\/11\/23634307_1582165141840404_1752758422_o-576x1024.jpg 576w, https:\/\/blogs.dickinson.edu\/fr300automne17\/files\/2017\/11\/23634307_1582165141840404_1752758422_o.jpg 1080w\" sizes=\"auto, (max-width: 169px) 100vw, 169px\" \/><\/p>\n<p>Description<\/p>\n<p>La semaine derni\u00e8re pendant notre s\u00e9jour \u00e0 Paris, nous avons eu l\u2019occasion de visiter le Mus\u00e9e de l\u2019homme. Dans le mus\u00e9e, il y avait une exposition sur l\u2019id\u00e9e du racisme dans la France et les \u00c9tats-Unis. L\u2019exhibition explorait l\u2019\u00e9volution du racisme contemporain dans la France et les \u00c9tats-Unis. Il \u00e9tait tr\u00e8s moderne. Il y avait des sch\u00e9mas interactifs qui aider l\u2019audience comprendre les id\u00e9es de privil\u00e8ge, des pr\u00e9jug\u00e9s, et de racisme dans la soci\u00e9t\u00e9. \u00c0 mon avis, la chose plus int\u00e9ressante de l\u2019exposition \u00e9tait la mani\u00e8re de faire du contraste entre le racisme am\u00e9ricain et le racisme fran\u00e7ais. L\u2019id\u00e9e sur le racisme n\u2019\u00e9tait pas cr\u00e9\u00e9e dans les \u00c9tats-Unis. Malheureusement, les cons\u00e9quences de colonialisme faisaient une fondation de racisme surtout le monde. Cela signifie que, non seulement le racisme existe en France, mais aussi gr\u00e2ce \u00e0 la culture, le racisme fran\u00e7ais est diff\u00e9rent que le racisme am\u00e9ricain. Je ne peux pas raconter tous les d\u00e9tails de ce qu\u2019est le racisme dans les deux pays dans un petit blogue. Mais une de la chose que j\u2019ai trouv\u00e9e tr\u00e8s int\u00e9ressante \u00e9tait la mani\u00e8re de discuter du racisme ici en France, en particulier aux \u00e9coles.<\/p>\n<p>Interpr\u00e9tation<\/p>\n<p>\u00c0 mon avis, il y a moins des conversations sur les id\u00e9es du racisme en France. C\u2019\u00e9tait tr\u00e8s \u00e9vident dans les \u00e9coles. Quand j\u2019assistais \u00e0 Caousou et avais l\u2019occasion de parler avec \u00e9tudiants de diff\u00e9rents \u00e2ges. La plupart des \u00e9tudiants m\u2019ont dit que le racisme n\u2019\u00e9tait pas incorpor\u00e9 dans leurs plans de cours. Et la raison qu\u2019il n\u2019avait pas de cette discussion en \u00e9coles n\u2019est pas parce qu\u2019il n\u2019a pas de racisme en France. \u00c0 cause de ce manque de conversation, il existe des cas plus \u00e9vidents de racisme.<\/p>\n<p>Je me souviens d\u2019un commentaire d\u2019une de mes camardes de classe. Selon elle, dans le Mus\u00e9e de l\u2019homme, il y avait un sommaire tr\u00e8s g\u00e9n\u00e9ral des d\u00e9finitions du racisme sans avoir vraiment des solutions ou des nouvelles id\u00e9es. Et le probl\u00e8me de ce type d\u2019exposition est qu\u2019il infantilise le public sans l\u2019aide \u00e0 r\u00e9fl\u00e9chir et \u00e0 r\u00e9agir \u00e0 leurs actions. Peut-\u00eatre, la raison qu\u2019ils ont fait toute cette r\u00e9vision sur les d\u00e9finitions est parce qu\u2019il n\u2019a pas suffisante conversation dans les \u00e9coles\u2009?<\/p>\n<p>Evaluation:<\/p>\n<p>Contrairement aux \u00c9tats-Unis, la discussion du racisme en France est tellement diff\u00e9rente. \u00c0 mon avis aux \u00c9tats-Unis, il y a plus d\u2019une conversation du racisme et ses impacts dans les \u00e9coles. Par exemple, beaucoup du vocabulaire que l\u2019exposition, j\u2019ai d\u00e9j\u00e0 su. Dans mon lyc\u00e9e et mon universit\u00e9 (Dickinson), c\u2019est tr\u00e8s typique d\u2019avoir des discussions sur le racisme. Alors, ce type d\u2019exposition \u00e9tait un peu \u00e9l\u00e9mentaire. On peut dire que c\u2019est seulement moi que je pense \u00e7a, mais j\u2019ai discut\u00e9 de cette opinion avec mes amis de Dickinson et ils avaient les m\u00eames opinions.<\/p>\n<p>\u00c0 mon avis, il est essentiel d\u2019avoir conversations sur le racisme dans l\u2019\u00e9cole. Sans avoir une \u00e9ducation sur le racisme, il va avoir plus des difficult\u00e9s d\u2019avoir une conversation et d\u2019avoir une \u00e9volution de comportement. De cette mani\u00e8re, ce type des expositions peut d\u00e9velopper cette conversation au lieu de faire un sommaire des d\u00e9finitions du racisme.<\/p>\n<p>\u00c9videmment, cela ne veut pas dire que les \u00c9tats-Unis sont parfaits. On peut dire que la raison qu\u2019il y a plus d\u2019une d\u00e9b\u00e2te aux \u00c9tats-Unis parce qu\u2019il y a plus des probl\u00e8mes graves du racisme \u00e0 affronter. Toutefois, il y a plus chose que les deux pays peuvent faire pour avoir une conversation. Cette exposition \u00e9tait un grand d\u00e9but d\u2019une conversation qui doit \u00eatre dans le syst\u00e8me d\u2019\u00e9ducation en France.<\/p>\n<p>&nbsp;<\/p>\n","protected":false},"excerpt":{"rendered":"<p>Description La semaine derni\u00e8re pendant notre s\u00e9jour \u00e0 Paris, nous avons eu l\u2019occasion de visiter le Mus\u00e9e de l\u2019homme. Dans le mus\u00e9e, il y avait une exposition sur l\u2019id\u00e9e du racisme dans la France et les \u00c9tats-Unis. L\u2019exhibition explorait l\u2019\u00e9volution du racisme contemporain dans la France et les \u00c9tats-Unis. Il \u00e9tait tr\u00e8s moderne. Il y [&hellip;]<\/p>\n","protected":false},"author":3662,"featured_media":0,"comment_status":"open","ping_status":"open","sticky":false,"template":"","format":"standard","meta":{"footnotes":""},"categories":[139013],"tags":[],"class_list":["post-582","post","type-post","status-publish","format-standard","hentry","category-14-11"],"_links":{"self":[{"href":"https:\/\/blogs.dickinson.edu\/fr300automne17\/wp-json\/wp\/v2\/posts\/582","targetHints":{"allow":["GET"]}}],"collection":[{"href":"https:\/\/blogs.dickinson.edu\/fr300automne17\/wp-json\/wp\/v2\/posts"}],"about":[{"href":"https:\/\/blogs.dickinson.edu\/fr300automne17\/wp-json\/wp\/v2\/types\/post"}],"author":[{"embeddable":true,"href":"https:\/\/blogs.dickinson.edu\/fr300automne17\/wp-json\/wp\/v2\/users\/3662"}],"replies":[{"embeddable":true,"href":"https:\/\/blogs.dickinson.edu\/fr300automne17\/wp-json\/wp\/v2\/comments?post=582"}],"version-history":[{"count":0,"href":"https:\/\/blogs.dickinson.edu\/fr300automne17\/wp-json\/wp\/v2\/posts\/582\/revisions"}],"wp:attachment":[{"href":"https:\/\/blogs.dickinson.edu\/fr300automne17\/wp-json\/wp\/v2\/media?parent=582"}],"wp:term":[{"taxonomy":"category","embeddable":true,"href":"https:\/\/blogs.dickinson.edu\/fr300automne17\/wp-json\/wp\/v2\/categories?post=582"},{"taxonomy":"post_tag","embeddable":true,"href":"https:\/\/blogs.dickinson.edu\/fr300automne17\/wp-json\/wp\/v2\/tags?post=582"}],"curies":[{"name":"wp","href":"https:\/\/api.w.org\/{rel}","templated":true}]}}