{"id":587,"date":"2017-11-18T16:04:51","date_gmt":"2017-11-18T16:04:51","guid":{"rendered":"http:\/\/blogs.dickinson.edu\/fr300automne17\/?p=587"},"modified":"2017-11-18T16:04:51","modified_gmt":"2017-11-18T16:04:51","slug":"lexploration-des-espaces-francais-lamphi-bodin","status":"publish","type":"post","link":"https:\/\/blogs.dickinson.edu\/fr300automne17\/2017\/11\/18\/lexploration-des-espaces-francais-lamphi-bodin\/","title":{"rendered":"L\u2019exploration des espaces fran\u00e7ais\u00a0: l\u2019amphi Bodin\u00a0\u00a0"},"content":{"rendered":"<div id=\"attachment_588\" style=\"width: 235px\" class=\"wp-caption alignnone\"><img loading=\"lazy\" decoding=\"async\" aria-describedby=\"caption-attachment-588\" class=\"size-medium wp-image-588\" src=\"http:\/\/blogs.dickinson.edu\/fr300automne17\/files\/2017\/11\/23758404_1725307480874951_1923277721_n-225x300.jpg\" alt=\"\" width=\"225\" height=\"300\" srcset=\"https:\/\/blogs.dickinson.edu\/fr300automne17\/files\/2017\/11\/23758404_1725307480874951_1923277721_n-225x300.jpg 225w, https:\/\/blogs.dickinson.edu\/fr300automne17\/files\/2017\/11\/23758404_1725307480874951_1923277721_n.jpg 280w\" sizes=\"auto, (max-width: 225px) 100vw, 225px\" \/><p id=\"caption-attachment-588\" class=\"wp-caption-text\">L&#8217;amphi Bodin<\/p><\/div>\n<p>Description<\/p>\n<p>Cette image a pris pendant une s\u00e9ance de rattrapage de mon cours de \u00ab\u00a0Sociologie et l\u2019\u00e9tat\u00a0\u00bb qui \u00e9tait le samedi matin. L\u2019on peut voir d\u2019autres \u00e9tudiants dans l\u2019amphi Bodin, qui est une grande salle beige avec de bureaux en bois et de bancs bleus en cuir. Au podium, o\u00f9 le professeur du cours devrait \u00eatre, il n\u2019est pas l\u00e0. Donc tous les \u00e9tudiants (presque 40 je crois) avec leurs ordinateurs ouverts et leurs cahiers et stylos pr\u00eats pour la s\u00e9ance n\u2019ont pas eu le matin qu\u2019ils ont pens\u00e9 qu\u2019ils auraient. Apr\u00e8s trente minutes, une \u00e9tudiante nous a dit que le professeur ne viendrait pas et par cons\u00e9quent beaucoup d\u2019\u00e9tudiants ont sorti, tandis que d\u2019autres ont d\u00e9cid\u00e9 de rester pour travailler jusqu\u2019au gardian nous a dit que nous avons d\u00fb quitter le b\u00e2timent.<\/p>\n<p>Interpr\u00e9tation<\/p>\n<p>Ce n\u2019est pas la premi\u00e8re fois que j\u2019ai eu une s\u00e9ance de repartage pendant le week-end\u00a0; en fait, c\u2019\u00e9tait la deuxi\u00e8me fois et j\u2019aurai une autre en deux week-ends. Je n\u2019ai pas compris la raison pour laquelle l\u2019\u00e9tudiant nous a donn\u00e9 pour l\u2019excuse le professeur a eu pour manquer la s\u00e9ance. Par contre, dans notre cours habituel il nous a dit ses raisons pour modifier les dates pour les autres s\u00e9ances. Les \u00e9tudiants fran\u00e7ais n\u2019ont pas sembl\u00e9 surpris avec cette information, par ailleurs ils n\u2019ont pas sembl\u00e9 frustr\u00e9s. Les \u00e9tudiants qui \u00e9taient l\u00e0 sont les plus d\u00e9di\u00e9s, et donc nous avons accept\u00e9 notre destin, m\u00eame si le professeur a d\u00e9cid\u00e9 de contr\u00f4le son cours comme il a voulu\u00a0: sans communication ou notification.<\/p>\n<p>Evaluation<\/p>\n<p>Contrairement \u00e0 mes coll\u00e8gues fran\u00e7ais, j\u2019\u00e9tais tr\u00e8s frustr\u00e9e avec la situation du samedi matin \u00e0 cause du fait que c\u2019\u00e9tait un cours d\u2019un samedi matin. Je sais que je suis privil\u00e9gi\u00e9e d\u2019\u00eatre \u00e0 Sciences Po pour l\u2019ann\u00e9e, mais je ne comprends pas la dynamique entre les professeurs et les \u00e9tudiants. Dans mon cours de droit, les \u00e9tudiants manquent de respect\u00a0; ils parlent pendant le professeur parle et ils lui obligent de finir la s\u00e9ance en avance parce qu\u2019ils ne font pas attention. De l\u2019autre c\u00f4t\u00e9, le professeur de \u00ab\u00a0Sociologie et l\u2019\u00e9tat\u00a0\u00bb est respect\u00e9 par les \u00e9tudiants, mais \u00e0 mon avis il manque le m\u00eame respect pour nous. Par cons\u00e9quent, je crois que cette exp\u00e9rience montre la relation entre le syst\u00e8me d\u2019\u00e9ducation (au niveau d\u2019universit\u00e9) et la culture dominante. Dans cet espace public fran\u00e7ais, je ne peux pas trouver un \u00e9quilibre entre les \u00e9tudiants et les professeurs, qui est un probl\u00e8me (\u00e0 mon avis) pour l\u2019efficacit\u00e9 du syst\u00e8me en g\u00e9n\u00e9ral.<\/p>\n","protected":false},"excerpt":{"rendered":"<p>Description Cette image a pris pendant une s\u00e9ance de rattrapage de mon cours de \u00ab\u00a0Sociologie et l\u2019\u00e9tat\u00a0\u00bb qui \u00e9tait le samedi matin. L\u2019on peut voir d\u2019autres \u00e9tudiants dans l\u2019amphi Bodin, qui est une grande salle beige avec de bureaux en bois et de bancs bleus en cuir. Au podium, o\u00f9 le professeur du cours devrait [&hellip;]<\/p>\n","protected":false},"author":2929,"featured_media":0,"comment_status":"open","ping_status":"open","sticky":false,"template":"","format":"standard","meta":{"footnotes":""},"categories":[139014],"tags":[],"class_list":["post-587","post","type-post","status-publish","format-standard","hentry","category-21-11"],"_links":{"self":[{"href":"https:\/\/blogs.dickinson.edu\/fr300automne17\/wp-json\/wp\/v2\/posts\/587","targetHints":{"allow":["GET"]}}],"collection":[{"href":"https:\/\/blogs.dickinson.edu\/fr300automne17\/wp-json\/wp\/v2\/posts"}],"about":[{"href":"https:\/\/blogs.dickinson.edu\/fr300automne17\/wp-json\/wp\/v2\/types\/post"}],"author":[{"embeddable":true,"href":"https:\/\/blogs.dickinson.edu\/fr300automne17\/wp-json\/wp\/v2\/users\/2929"}],"replies":[{"embeddable":true,"href":"https:\/\/blogs.dickinson.edu\/fr300automne17\/wp-json\/wp\/v2\/comments?post=587"}],"version-history":[{"count":0,"href":"https:\/\/blogs.dickinson.edu\/fr300automne17\/wp-json\/wp\/v2\/posts\/587\/revisions"}],"wp:attachment":[{"href":"https:\/\/blogs.dickinson.edu\/fr300automne17\/wp-json\/wp\/v2\/media?parent=587"}],"wp:term":[{"taxonomy":"category","embeddable":true,"href":"https:\/\/blogs.dickinson.edu\/fr300automne17\/wp-json\/wp\/v2\/categories?post=587"},{"taxonomy":"post_tag","embeddable":true,"href":"https:\/\/blogs.dickinson.edu\/fr300automne17\/wp-json\/wp\/v2\/tags?post=587"}],"curies":[{"name":"wp","href":"https:\/\/api.w.org\/{rel}","templated":true}]}}