{"id":594,"date":"2017-11-22T01:55:47","date_gmt":"2017-11-22T01:55:47","guid":{"rendered":"http:\/\/blogs.dickinson.edu\/fr300automne17\/?p=594"},"modified":"2017-12-06T15:04:25","modified_gmt":"2017-12-06T15:04:25","slug":"la-france-comporte-lindividualisme","status":"publish","type":"post","link":"https:\/\/blogs.dickinson.edu\/fr300automne17\/2017\/11\/22\/la-france-comporte-lindividualisme\/","title":{"rendered":"La France comporte l&#8217;individualisme ?"},"content":{"rendered":"<p><img loading=\"lazy\" decoding=\"async\" class=\"alignnone size-medium wp-image-643\" src=\"http:\/\/blogs.dickinson.edu\/fr300automne17\/files\/2017\/11\/ob_6518a3_individualisme-demi-ap-300x253.jpg\" alt=\"\" width=\"300\" height=\"253\" srcset=\"https:\/\/blogs.dickinson.edu\/fr300automne17\/files\/2017\/11\/ob_6518a3_individualisme-demi-ap-300x253.jpg 300w, https:\/\/blogs.dickinson.edu\/fr300automne17\/files\/2017\/11\/ob_6518a3_individualisme-demi-ap-768x647.jpg 768w, https:\/\/blogs.dickinson.edu\/fr300automne17\/files\/2017\/11\/ob_6518a3_individualisme-demi-ap-1024x863.jpg 1024w, https:\/\/blogs.dickinson.edu\/fr300automne17\/files\/2017\/11\/ob_6518a3_individualisme-demi-ap.jpg 1600w\" sizes=\"auto, (max-width: 300px) 100vw, 300px\" \/><\/p>\n<p>Description:<\/p>\n<p>Pendant un de mes cours mon professeur nous a fait travailler en groupe comme elle avait un nombre limit\u00e9 des articles qu&#8217;elle voudrait qu&#8217;on lise. Dans mon groupe il y avait deux personnes, un Fran\u00e7ais et une Malgache, en plus que moi. J&#8217;ai sugg\u00e9r\u00e9 \u00e0 mes camarades peux-etre un d&#8217;eux peut lire en haute voix comme c&#8217;\u00e9tait dur pour nous les trois \u00e0 lire le m\u00eame papier comment nous \u00e9tions positionn\u00e9s. L&#8217;\u00e9tudiante \u00e9trang\u00e8re a dit qu&#8217;elle ne voulait pas le faire et l&#8217;\u00e9tudiant fran\u00e7ais a \u00e9t\u00e9 surpris par ma question, mais il a quand m\u00eame dit oui.<\/p>\n<p>Interpr\u00e9tation:<\/p>\n<p>Il a commenc\u00e9 \u00e0 lire et tout de suite il est arr\u00eat\u00e9, il nous a demand\u00e9 &#8220;ce n&#8217;est pas bizarre, non ?&#8221; Et moi j&#8217;ai dit &#8220;Non.&#8221; Il a continu\u00e9 la lecture en haute voix et soudainement il est arr\u00eat\u00e9. Il nous a expliqu\u00e9 &#8221; Je peux pas, c&#8217;est trop bizarre.&#8221; Pendant le temps il lisait j&#8217;ai remarqu\u00e9 que le niveau du volume il commen\u00e7ait avec n&#8217;\u00e9tait jamais lequel il terminait avec parce que soit il avait peur ou il avait honte du fait qu&#8217;il lisait en haute voix. Je ne sais pas exactement comment il sentait et je ne vais pas arriver \u00e0 une conclusion. Cependant, je me souviens d&#8217;une discussion que moi et une amie fran\u00e7aise a eu autour de la mode fran\u00e7aise. Elle m&#8217;a dit &#8220;En France, on dit qu&#8217;on ne porte plus que trois couleurs.&#8221; Je lui ai r\u00e9pondu &#8220;Ah bon ? Je l&#8217;ai jamais entendu. Donc, les Fran\u00e7ais restent dans leurs cardes sociales ?&#8221; J&#8217;ai pos\u00e9 cette question parce que je me suis rendu compte qu&#8217;en fait c&#8217;est vrai ce que mon amie m&#8217;a dit parce que la grande majorit\u00e9 des Fran\u00e7ais s&#8217;habillent de la m\u00eame mani\u00e8re, sans beaucoup de couleurs. Ce ph\u00e9nom\u00e8ne est tr\u00e8s \u00e9vident pour moi parce que je suis une \u00e9trang\u00e8re que se trouve avec deux cultures o\u00f9 porter les couleurs sont bien appr\u00e9ci\u00e9es, donc je suis dans les lieux publics je pense que c&#8217;est \u00e9vident que je suis remarquable parmi les Fran\u00e7ais \u00e0 cause de la mani\u00e8re j&#8217;habille. Il est ind\u00e9niable que peux \u00eatre mon coll\u00e8gue a trouv\u00e9 ma proposition \u00e9trange parce que ce n&#8217;est pas fait normalement.<\/p>\n<p>\u00c9valuation:<\/p>\n<p>La collectivit\u00e9 fran\u00e7aise ne comporte pas l&#8217;individualisme aux d\u00e9pends de l&#8217;image que les Fran\u00e7ais et l&#8217;Etat fran\u00e7ais ont construit d&#8217;eux-m\u00eame, m\u00eame si cela veut dire qu&#8217;il y a des identit\u00e9s qui seront inconnues ou bien ni\u00e9es pour la glorification de Marianne et sa r\u00e9publique.<\/p>\n","protected":false},"excerpt":{"rendered":"<p>Description: Pendant un de mes cours mon professeur nous a fait travailler en groupe comme elle avait un nombre limit\u00e9 des articles qu&#8217;elle voudrait qu&#8217;on lise. Dans mon groupe il y avait deux personnes, un Fran\u00e7ais et une Malgache, en plus que moi. J&#8217;ai sugg\u00e9r\u00e9 \u00e0 mes camarades peux-etre un d&#8217;eux peut lire en haute [&hellip;]<\/p>\n","protected":false},"author":2932,"featured_media":0,"comment_status":"open","ping_status":"open","sticky":false,"template":"","format":"standard","meta":{"footnotes":""},"categories":[139014],"tags":[],"class_list":["post-594","post","type-post","status-publish","format-standard","hentry","category-21-11"],"_links":{"self":[{"href":"https:\/\/blogs.dickinson.edu\/fr300automne17\/wp-json\/wp\/v2\/posts\/594","targetHints":{"allow":["GET"]}}],"collection":[{"href":"https:\/\/blogs.dickinson.edu\/fr300automne17\/wp-json\/wp\/v2\/posts"}],"about":[{"href":"https:\/\/blogs.dickinson.edu\/fr300automne17\/wp-json\/wp\/v2\/types\/post"}],"author":[{"embeddable":true,"href":"https:\/\/blogs.dickinson.edu\/fr300automne17\/wp-json\/wp\/v2\/users\/2932"}],"replies":[{"embeddable":true,"href":"https:\/\/blogs.dickinson.edu\/fr300automne17\/wp-json\/wp\/v2\/comments?post=594"}],"version-history":[{"count":0,"href":"https:\/\/blogs.dickinson.edu\/fr300automne17\/wp-json\/wp\/v2\/posts\/594\/revisions"}],"wp:attachment":[{"href":"https:\/\/blogs.dickinson.edu\/fr300automne17\/wp-json\/wp\/v2\/media?parent=594"}],"wp:term":[{"taxonomy":"category","embeddable":true,"href":"https:\/\/blogs.dickinson.edu\/fr300automne17\/wp-json\/wp\/v2\/categories?post=594"},{"taxonomy":"post_tag","embeddable":true,"href":"https:\/\/blogs.dickinson.edu\/fr300automne17\/wp-json\/wp\/v2\/tags?post=594"}],"curies":[{"name":"wp","href":"https:\/\/api.w.org\/{rel}","templated":true}]}}