{"id":608,"date":"2017-11-21T12:41:00","date_gmt":"2017-11-21T12:41:00","guid":{"rendered":"http:\/\/blogs.dickinson.edu\/fr300automne17\/?p=608"},"modified":"2017-11-21T12:41:25","modified_gmt":"2017-11-21T12:41:25","slug":"lidentite-americain-et-la-communaute","status":"publish","type":"post","link":"https:\/\/blogs.dickinson.edu\/fr300automne17\/2017\/11\/21\/lidentite-americain-et-la-communaute\/","title":{"rendered":"L&#8217;identit\u00e9 am\u00e9ricaine et la communaut\u00e9"},"content":{"rendered":"<p><img loading=\"lazy\" decoding=\"async\" class=\"alignnone wp-image-609\" src=\"http:\/\/blogs.dickinson.edu\/fr300automne17\/files\/2017\/11\/tumblr_nlis76Subi1rnng97o1_500-300x181.png\" alt=\"\" width=\"348\" height=\"210\" srcset=\"https:\/\/blogs.dickinson.edu\/fr300automne17\/files\/2017\/11\/tumblr_nlis76Subi1rnng97o1_500-300x181.png 300w, https:\/\/blogs.dickinson.edu\/fr300automne17\/files\/2017\/11\/tumblr_nlis76Subi1rnng97o1_500.png 402w\" sizes=\"auto, (max-width: 348px) 100vw, 348px\" \/><\/p>\n<p>Introduction\u00a0:<\/p>\n<p>Maintenant que mon premier semestre en France est presque termin\u00e9, j\u2019ai pris un peu de temps de r\u00e9fl\u00e9chir sur mes exp\u00e9riences jusqu\u2019\u00e0 ce moment. Ces derniers jours, je pensais beaucoup sur comment mon s\u00e9jour en France a influenc\u00e9 et a fait \u00e9volu\u00e9 mon personnage, en comparant avec les premiers semaines \u00e0 Toulouse. Une chose que j\u2019ai r\u00e9alis\u00e9e \u00e9tait comment le fait d\u2019\u00eatre en France m\u2019aidait \u00e0 comprendre dans quelle mesure je m\u2019identifie avec la culture et la mentalit\u00e9 am\u00e9ricaine \u2013 une chose sur laquelle je n\u2019avais pas vraiment r\u00e9fl\u00e9chi avant d\u2019arriver en France.<\/p>\n<p>Interpr\u00e9tation:<\/p>\n<p>En r\u00e9alit\u00e9, je n\u2019ai jamais m\u2019identifier compl\u00e8tement avec le fait d\u2019\u00eatre am\u00e9ricain. Je pense que \u00e7a vient du fait que ma m\u00e8re est allemande, et mon p\u00e8re am\u00e9ricain, donc je m\u2019identifiais plus en ayant un m\u00e9lange des deux cultures. Par cons\u00e9quent, ma famille n\u2019\u00e9tait jamais une famille \u00ab\u00a0ster\u00e9otypiquement\u00a0\u00bb am\u00e9ricaine, qui regarde le football pendant Thanksgiving ou qui mange beaucoup de nourriture am\u00e9ricain. C\u2019est donc un peu bizarre que ce n\u2019est pas qu\u2019en arrivant en France que je me sens plus am\u00e9ricaine que jamais, et c\u2019est un sentiment qui est un peu difficile de d\u00e9finir.<\/p>\n<p>D\u2019un c\u00f4t\u00e9, je pense que \u00e7a vient du fait d\u2019\u00eatre un expatri\u00e9, ce qui provoque d\u2019\u00eatre hyper-conscient de ses diff\u00e9rences en comparant avec les autres. Ceci est soulign\u00e9 par le fait que, au moins dans mon universit\u00e9, je suis une des seuls \u00e9tudiants am\u00e9ricaines \u2013 alors, chaque fois qu\u2019il y a un \u00e9v\u00e9nement dans notre groupe d\u2019\u00e9tudiants internationaux, je prends le r\u00f4le d\u2019une am\u00e9ricaine \u00ab\u00a0mod\u00e8le,\u00a0\u00bb m\u00eame si je ne me sente pas tout \u00e0 fait comme repr\u00e9sentative des Etats-Unis enti\u00e8res. Par exemple, quand je dis \u00e0 une personne que je suis am\u00e9ricaine, je re\u00e7ois beaucoup de questions similaires, souvent sur le syst\u00e8me politique et le pr\u00e9sident actuel.<\/p>\n<p>Evaluation\u00a0:<\/p>\n<p>C\u2019est int\u00e9ressant que c\u2019est en me tenant \u00e0 distance des Etats-Unis que je peux r\u00e9aliser des choses plut\u00f4t inaper\u00e7u par moi avant, et que je peux appr\u00e9cier des choses que j\u2019avais consid\u00e9r\u00e9 plus comme acquis aux Etats-Unis. Quand j\u2019ai quitt\u00e9 les Etats-Unis, je ne pensais pas qu\u2019il y aurait beaucoup qui me manquerais, surtout pendant nos jours, o\u00f9 il y a beaucoup de choses plut\u00f4t n\u00e9gatifs qui se passent. En m\u00eame temps, cependant, c\u2019est facile de n\u00e9gliger les aspects positifs et de se concentrer seulement sur les choses n\u00e9gatives. Une chose en particuli\u00e8re des Etats-Unis que j\u2019ai r\u00e9alis\u00e9 qui me manque est l\u2019esprit de \u00ab\u00a0communaut\u00e9,\u00a0\u00bb comme nous avons parl\u00e9 dans le cours de FR 300. J\u2019ai remarqu\u00e9 que les Fran\u00e7ais sont beaucoup plus r\u00e9serv\u00e9s que les Am\u00e9ricains, pr\u00e9f\u00e9rant d\u2019\u00eatre seule que d\u2019\u00eatre avec autres personnes \u2013 on peut le voir apr\u00e8s les cours d\u2019universit\u00e9, o\u00f9 la plupart des \u00e9tudiants retournent chez soi, plut\u00f4t que parler avec les autres \u00e9tudiants. Par cons\u00e9quent, il n\u2019existe pas une vraie communaut\u00e9 universitaire, comme on la trouve \u00e0 Dickinson ou autres universit\u00e9s am\u00e9ricains. En vivant en France, je peux comprendre maintenant comment cet esprit communautaire est important pour moi, et comment il fait une partie de mon \u00e9tat d\u2019esprit et mon syst\u00e8me de valeurs.<\/p>\n","protected":false},"excerpt":{"rendered":"<p>Introduction\u00a0: Maintenant que mon premier semestre en France est presque termin\u00e9, j\u2019ai pris un peu de temps de r\u00e9fl\u00e9chir sur mes exp\u00e9riences jusqu\u2019\u00e0 ce moment. Ces derniers jours, je pensais beaucoup sur comment mon s\u00e9jour en France a influenc\u00e9 et a fait \u00e9volu\u00e9 mon personnage, en comparant avec les premiers semaines \u00e0 Toulouse. Une chose [&hellip;]<\/p>\n","protected":false},"author":2923,"featured_media":0,"comment_status":"open","ping_status":"open","sticky":false,"template":"","format":"standard","meta":{"footnotes":""},"categories":[139014],"tags":[],"class_list":["post-608","post","type-post","status-publish","format-standard","hentry","category-21-11"],"_links":{"self":[{"href":"https:\/\/blogs.dickinson.edu\/fr300automne17\/wp-json\/wp\/v2\/posts\/608","targetHints":{"allow":["GET"]}}],"collection":[{"href":"https:\/\/blogs.dickinson.edu\/fr300automne17\/wp-json\/wp\/v2\/posts"}],"about":[{"href":"https:\/\/blogs.dickinson.edu\/fr300automne17\/wp-json\/wp\/v2\/types\/post"}],"author":[{"embeddable":true,"href":"https:\/\/blogs.dickinson.edu\/fr300automne17\/wp-json\/wp\/v2\/users\/2923"}],"replies":[{"embeddable":true,"href":"https:\/\/blogs.dickinson.edu\/fr300automne17\/wp-json\/wp\/v2\/comments?post=608"}],"version-history":[{"count":0,"href":"https:\/\/blogs.dickinson.edu\/fr300automne17\/wp-json\/wp\/v2\/posts\/608\/revisions"}],"wp:attachment":[{"href":"https:\/\/blogs.dickinson.edu\/fr300automne17\/wp-json\/wp\/v2\/media?parent=608"}],"wp:term":[{"taxonomy":"category","embeddable":true,"href":"https:\/\/blogs.dickinson.edu\/fr300automne17\/wp-json\/wp\/v2\/categories?post=608"},{"taxonomy":"post_tag","embeddable":true,"href":"https:\/\/blogs.dickinson.edu\/fr300automne17\/wp-json\/wp\/v2\/tags?post=608"}],"curies":[{"name":"wp","href":"https:\/\/api.w.org\/{rel}","templated":true}]}}