{"id":623,"date":"2017-11-21T20:41:48","date_gmt":"2017-11-21T20:41:48","guid":{"rendered":"http:\/\/blogs.dickinson.edu\/fr300automne17\/?p=623"},"modified":"2017-12-06T15:49:57","modified_gmt":"2017-12-06T15:49:57","slug":"musee-de-laffiche","status":"publish","type":"post","link":"https:\/\/blogs.dickinson.edu\/fr300automne17\/2017\/11\/21\/musee-de-laffiche\/","title":{"rendered":"Musee de l&#8217;Affiche"},"content":{"rendered":"<p><img loading=\"lazy\" decoding=\"async\" class=\"size-full wp-image-624 alignleft\" src=\"http:\/\/blogs.dickinson.edu\/fr300automne17\/files\/2017\/11\/ico_matou.jpg\" alt=\"\" width=\"245\" height=\"220\" \/><\/p>\n<p>Samedi dernier, je suis all\u00e9 au Mus\u00e9e de l\u2019Affiche \u00e0 Toulouse. Le Mus\u00e9e est situ\u00e9 dans le quartier St. Cyprien, \u00e0 la rive gauche. Le Mus\u00e9e de l\u2019Affiche montre des anciens posters, avec beaucoup de couleur, qui sont devenu plus artistique \u00e0 cette \u00e9poque. Au mus\u00e9e, il y avait une exposition des publicit\u00e9s de l\u2019artiste Saint-Geni\u00e8s, une affichiste des ann\u00e9es 1950 et 1960. Il est n\u00e9 en Bretagne et a fait ses \u00e9tudes \u00e0 Paris. A l\u2019\u00e9poque il a devenu un tr\u00e8s grand peintre, connu tout autour du monde. De plus, il y avait un film qui a montr\u00e9 beaucoup de ses \u0153uvres qui n\u2019\u00e9taient pas montr\u00e9 dans l\u2019exposition.<\/p>\n<p>Dans le mus\u00e9e j\u2019aimais bien les couleurs vivants des affiches de Saint-Geni\u00e8s. Dans ses \u0153uvres, il utilise des symboles et objets tr\u00e8s simple, mais la force de ses \u0153uvres vient avec les couleurs. Mais en fait, l\u2019exposition \u00e9tait tr\u00e8s petite\u00a0: le Mus\u00e9e de l\u2019Affiche est vraiment juste une salle. J\u2019\u00e9tais compl\u00e8tement \u00e9tonne, parce que j\u2019ai pens\u00e9 que le mus\u00e9e serait grand avec beaucoup d\u2019affiches. Mais le mus\u00e9e \u00e9tait plut\u00f4t une gall\u00e9rie avec quelques \u0153uvres. Donc pour moi, m\u00eame si j\u2019aimais bien les affiches et les \u0153uvres, le mus\u00e9e m\u2019a d\u00e9\u00e7u un peu.<\/p>\n<p>Apr\u00e8s aller au mus\u00e9e, j\u2019ai fait un peu de recherche pour ce blog. J\u2019ai lu deux petites revues, une en fran\u00e7ais et une en anglais. J\u2019ai not\u00e9 que la revue en anglais avait le m\u00eame sentiment que j\u2019avais au mus\u00e9e\u00a0: elle a expliqu\u00e9 comment le mus\u00e9e a une salle et que c\u2019est trop petit pour un vrai \u00ab\u00a0mus\u00e9e\u00a0\u00bb. La revue a donn\u00e9 une \u00e9toile sur cinq \u00e9toiles. Cependant, la revue en fran\u00e7ais \u00e9tait tellement diff\u00e9rente. Elle a d\u00e9crit les \u0153uvres et les affiches. Peut-\u00eatre pour les fran\u00e7ais, ils aiment les petits mus\u00e9es ou ils peuvent prendre du temps pour regarder les \u0153uvres.<\/p>\n","protected":false},"excerpt":{"rendered":"<p>Samedi dernier, je suis all\u00e9 au Mus\u00e9e de l\u2019Affiche \u00e0 Toulouse. Le Mus\u00e9e est situ\u00e9 dans le quartier St. Cyprien, \u00e0 la rive gauche. Le Mus\u00e9e de l\u2019Affiche montre des anciens posters, avec beaucoup de couleur, qui sont devenu plus artistique \u00e0 cette \u00e9poque. Au mus\u00e9e, il y avait une exposition des publicit\u00e9s de l\u2019artiste [&hellip;]<\/p>\n","protected":false},"author":3663,"featured_media":0,"comment_status":"open","ping_status":"open","sticky":false,"template":"","format":"standard","meta":{"footnotes":""},"categories":[139014],"tags":[],"class_list":["post-623","post","type-post","status-publish","format-standard","hentry","category-21-11"],"_links":{"self":[{"href":"https:\/\/blogs.dickinson.edu\/fr300automne17\/wp-json\/wp\/v2\/posts\/623","targetHints":{"allow":["GET"]}}],"collection":[{"href":"https:\/\/blogs.dickinson.edu\/fr300automne17\/wp-json\/wp\/v2\/posts"}],"about":[{"href":"https:\/\/blogs.dickinson.edu\/fr300automne17\/wp-json\/wp\/v2\/types\/post"}],"author":[{"embeddable":true,"href":"https:\/\/blogs.dickinson.edu\/fr300automne17\/wp-json\/wp\/v2\/users\/3663"}],"replies":[{"embeddable":true,"href":"https:\/\/blogs.dickinson.edu\/fr300automne17\/wp-json\/wp\/v2\/comments?post=623"}],"version-history":[{"count":0,"href":"https:\/\/blogs.dickinson.edu\/fr300automne17\/wp-json\/wp\/v2\/posts\/623\/revisions"}],"wp:attachment":[{"href":"https:\/\/blogs.dickinson.edu\/fr300automne17\/wp-json\/wp\/v2\/media?parent=623"}],"wp:term":[{"taxonomy":"category","embeddable":true,"href":"https:\/\/blogs.dickinson.edu\/fr300automne17\/wp-json\/wp\/v2\/categories?post=623"},{"taxonomy":"post_tag","embeddable":true,"href":"https:\/\/blogs.dickinson.edu\/fr300automne17\/wp-json\/wp\/v2\/tags?post=623"}],"curies":[{"name":"wp","href":"https:\/\/api.w.org\/{rel}","templated":true}]}}