{"id":63,"date":"2017-09-23T10:27:20","date_gmt":"2017-09-23T10:27:20","guid":{"rendered":"http:\/\/blogs.dickinson.edu\/fr300automne17\/?p=63"},"modified":"2017-09-23T10:27:20","modified_gmt":"2017-09-23T10:27:20","slug":"le-jardin-compans-caffareli-une-exploration-des-espaces-dans-la-culture-francaise","status":"publish","type":"post","link":"https:\/\/blogs.dickinson.edu\/fr300automne17\/2017\/09\/23\/le-jardin-compans-caffareli-une-exploration-des-espaces-dans-la-culture-francaise\/","title":{"rendered":"Le Jardin Compans Caffareli : une exploration des espaces dans la culture fran\u00e7aise"},"content":{"rendered":"<div style=\"width: 310px\" class=\"wp-caption alignleft\"><img loading=\"lazy\" decoding=\"async\" class=\"size-medium wp-image-64\" src=\"http:\/\/blogs.dickinson.edu\/fr300automne17\/files\/2017\/09\/21951371_1655676847838015_1748314725_o-300x269.jpg\" alt=\"\" width=\"300\" height=\"269\" srcset=\"https:\/\/blogs.dickinson.edu\/fr300automne17\/files\/2017\/09\/21951371_1655676847838015_1748314725_o-300x269.jpg 300w, https:\/\/blogs.dickinson.edu\/fr300automne17\/files\/2017\/09\/21951371_1655676847838015_1748314725_o-768x689.jpg 768w, https:\/\/blogs.dickinson.edu\/fr300automne17\/files\/2017\/09\/21951371_1655676847838015_1748314725_o-1024x918.jpg 1024w, https:\/\/blogs.dickinson.edu\/fr300automne17\/files\/2017\/09\/21951371_1655676847838015_1748314725_o.jpg 1334w\" sizes=\"auto, (max-width: 300px) 100vw, 300px\" \/><p class=\"wp-caption-text\">Le Jardin Compans Caffareli<\/p><\/div>\n<p>&nbsp;<\/p>\n<p>&nbsp;<\/p>\n<p>Description :<\/p>\n<p>Cette image montre un jour typique au Jardin Compans Caffareli, un parc qui est pr\u00e8s du Centre Dickinson. Il y a de grands espaces verts, des sentiers pour marcher, des bancs, et une vari\u00e9t\u00e9 des fleurs et des arbres \u2013 un jardin st\u00e9r\u00e9otyp\u00e9. Cette photo \u00e9tait prise autour de 13h, donc il y a des gens qui mangent leur d\u00e9jeuner dehors gr\u00e2ce au beau temps pendant ce jour \u00e0 la fin de septembre. Les gens sont une collection d\u2019humanit\u00e9 \u2013 il y a des femmes et des hommes, des vieux et des jeunes, toutes des religions et des races \u2013 qui r\u00e9unissent au Jardin Compans Caffareli. On peut voir des b\u00e2timents &#8211; un centre commercial et un immeuble &#8211; dans l\u2019arri\u00e8re-plan.<\/p>\n<p>Interpr\u00e9tation\u00a0:<\/p>\n<p>\u00c9tant donn\u00e9 qu\u2019il est 13h de l\u2019apr\u00e8s-midi, les gens re\u00e7oivent le temps pour manger et reposer. Puisqu\u2019il a fait beau quand la photo \u00e9tait prise, tout le monde pourrait \u00eatre dehors, quelque chose \u00e0 profiter particuli\u00e8rement avant l&#8217;hiver. On peut d\u00e9crire cette sc\u00e8ne comme tranquille mais n\u00e9cessaire, parce qu\u2019il est le temps pendant le jour o\u00f9 des gens peuvent reposer et r\u00e9fl\u00e9chir. Mais les b\u00e2timents dans l\u2019arri\u00e8re-plan fonctionnent comme un rappel que la vie quotidienne est toujours pr\u00e9sente. Le sens des actions dans cette photo souligne l\u2019importance dans la culture fran\u00e7aise d\u2019avoir le temps personnel et aussi l\u2019importance pour des espaces communs.<\/p>\n<p>\u00c9valuation\u00a0:<\/p>\n<p>J\u2019ai trouv\u00e9 que des espaces communs jouent un r\u00f4le important dans la culture fran\u00e7aise parce qu\u2019ils rassemblent tout le monde pour un but commun. Bien s\u00fbr des buts d\u2019un jardin sont diff\u00e9rents que des objets d\u2019une \u00ab\u00a0place\u00a0\u00bb (comme Place Saint Georges ou Place Saint Pierre), mais il y a l\u2019objet collectif de r\u00e9unir des gens. \u00c0 mon avis, je crois que le but d\u2019un jardin est pour reposer et r\u00e9fl\u00e9chir. Dans un jardin \u2013 comme le Jardin Compans Caffareli \u2013 la population est diverse\u00a0; il y a des amoureux, des pique-niqueurs, des dormeurs, et des r\u00eaveurs. Par cons\u00e9quent, l\u2019exposition d\u2019humanit\u00e9 fait preuve de richesse et aussi des d\u00e9fis dans la soci\u00e9t\u00e9 fran\u00e7aise. Ces espaces cr\u00e9ent des occasions pour le m\u00e9lange des groupes vari\u00e9s, qui donne la possibilit\u00e9 pour peut-\u00eatre le conflit, mais surtout pour le contact et la coop\u00e9ration.<\/p>\n","protected":false},"excerpt":{"rendered":"<p>&nbsp; &nbsp; Description : Cette image montre un jour typique au Jardin Compans Caffareli, un parc qui est pr\u00e8s du Centre Dickinson. Il y a de grands espaces verts, des sentiers pour marcher, des bancs, et une vari\u00e9t\u00e9 des fleurs et des arbres \u2013 un jardin st\u00e9r\u00e9otyp\u00e9. Cette photo \u00e9tait prise autour de 13h, donc [&hellip;]<\/p>\n","protected":false},"author":2929,"featured_media":0,"comment_status":"open","ping_status":"open","sticky":false,"template":"","format":"standard","meta":{"footnotes":""},"categories":[139008],"tags":[],"class_list":["post-63","post","type-post","status-publish","format-standard","hentry","category-26-09"],"_links":{"self":[{"href":"https:\/\/blogs.dickinson.edu\/fr300automne17\/wp-json\/wp\/v2\/posts\/63","targetHints":{"allow":["GET"]}}],"collection":[{"href":"https:\/\/blogs.dickinson.edu\/fr300automne17\/wp-json\/wp\/v2\/posts"}],"about":[{"href":"https:\/\/blogs.dickinson.edu\/fr300automne17\/wp-json\/wp\/v2\/types\/post"}],"author":[{"embeddable":true,"href":"https:\/\/blogs.dickinson.edu\/fr300automne17\/wp-json\/wp\/v2\/users\/2929"}],"replies":[{"embeddable":true,"href":"https:\/\/blogs.dickinson.edu\/fr300automne17\/wp-json\/wp\/v2\/comments?post=63"}],"version-history":[{"count":0,"href":"https:\/\/blogs.dickinson.edu\/fr300automne17\/wp-json\/wp\/v2\/posts\/63\/revisions"}],"wp:attachment":[{"href":"https:\/\/blogs.dickinson.edu\/fr300automne17\/wp-json\/wp\/v2\/media?parent=63"}],"wp:term":[{"taxonomy":"category","embeddable":true,"href":"https:\/\/blogs.dickinson.edu\/fr300automne17\/wp-json\/wp\/v2\/categories?post=63"},{"taxonomy":"post_tag","embeddable":true,"href":"https:\/\/blogs.dickinson.edu\/fr300automne17\/wp-json\/wp\/v2\/tags?post=63"}],"curies":[{"name":"wp","href":"https:\/\/api.w.org\/{rel}","templated":true}]}}