{"id":91,"date":"2017-09-26T12:39:48","date_gmt":"2017-09-26T12:39:48","guid":{"rendered":"http:\/\/blogs.dickinson.edu\/fr300automne17\/?p=91"},"modified":"2017-09-28T08:06:33","modified_gmt":"2017-09-28T08:06:33","slug":"dimanche-a-velo","status":"publish","type":"post","link":"https:\/\/blogs.dickinson.edu\/fr300automne17\/2017\/09\/26\/dimanche-a-velo\/","title":{"rendered":"Dimanche \u00e0 V\u00e9lo"},"content":{"rendered":"<div><\/div>\n<div><span style=\"font-size: xx-small\"><img loading=\"lazy\" decoding=\"async\" class=\"alignnone size-medium wp-image-92\" src=\"http:\/\/blogs.dickinson.edu\/fr300automne17\/files\/2017\/09\/vsco-photo-1-225x300.jpg\" alt=\"\" width=\"225\" height=\"300\" srcset=\"https:\/\/blogs.dickinson.edu\/fr300automne17\/files\/2017\/09\/vsco-photo-1-225x300.jpg 225w, https:\/\/blogs.dickinson.edu\/fr300automne17\/files\/2017\/09\/vsco-photo-1-768x1024.jpg 768w\" sizes=\"auto, (max-width: 225px) 100vw, 225px\" \/><\/span><\/div>\n<div><\/div>\n<div><span style=\"font-size: xx-small\">Description <\/span><\/div>\n<div><span style=\"font-size: xx-small\">Ceci est une photo de ma h\u00f4tesse, Louise, qui conduit un v\u00e9lo sur la rue Alsace-Lorraine. Le premier dimanche que je suis \u00e0 Toulouse, le premier de septembre, Louise m&#8217;a donn\u00e9 un tour v\u00e9lo de la ville. Nous avons visit\u00e9 tous les quartiers du centre-ville. Il n\u2019y a personne dans les rues dimanche et tous les magasins sont ferm\u00e9s. En outre, nous avons laiss\u00e9 les v\u00e9los pour une heure pour visiter la March\u00e9 Saint-Aubin. Le march\u00e9 \u00e9tait super et tout le monde \u00e9tait l\u00e0.\u00a0<\/span><\/div>\n<div><span style=\"font-size: xx-small\">\u00a0<\/span><\/div>\n<div><span style=\"font-size: xx-small\">Interpr\u00e9tation\u00a0<\/span><\/div>\n<div><span style=\"font-size: xx-small\">Quand nous avons explor\u00e9 la ville \u00e0 v\u00e9lo, il semblait compl\u00e8tement vide. La Rue Alsace-Lorraine est l\u2019une des rues plus fr\u00e9quent\u00e9es pour les pi\u00e9tons parce qu\u2019elle \u00e9tait pr\u00e8s de la Capitole et elle est pleine des magasins populaires. Le dimanche, la rue \u00e9tait presque silencieuse parce que tout est ferm\u00e9. En outre, il est \u00e0 cause de tous les march\u00e9s du dimanche. Les dimanches sont un jour pour se reposer avec la famille en France. Louise a racont\u00e9 que pendant toute son enfance, elle venait au March\u00e9 Saint-Aubin avec sa m\u00e8re pour acheter une p\u00e2tisserie. Elle a dit qu\u2019il est typique pour que les dimanches, les familles aillent au march\u00e9 pour acheter de la nourriture et des produits frais, ou ils restent chez eux. Les Fran\u00e7ais valorisent \u00e9norm\u00e9ment les droits au travail, le dimanche, c&#8217;est un jour o\u00f9 tout le monde peut se d\u00e9tendre et rester \u00e0 la maison.<\/span><\/div>\n<div><span style=\"font-size: xx-small\">\u00a0<\/span><\/div>\n<div><span style=\"font-size: xx-small\">\u00c9valuation<\/span><\/div>\n<div><span style=\"font-size: xx-small\">Je trouve cela tr\u00e8s sympathique que les dimanches soient pour se reposer avec la famille. \u00c0 mon avis, la culture des \u00c9tats-Unis manque la m\u00eame valorisation de reste. Cela d\u00e9pend de la ville et la r\u00e9gion, mais pour exemple, en New York tout passe assez vite tout le temps. Tous les magasins sont ouverts les dimanches et il y a beaucoup des magasins qui sont ouverts depuis 24 heures. Je respecte et j\u2019envie que la culture fran\u00e7aise donne du temps pour se reposer, qui donne la chance d\u2019\u00eatre avec la famille. Avec mes exp\u00e9riences ici, j\u2019ai trouv\u00e9 que la famille et le repos sont tr\u00e8s importants. J\u2019ai de la chance aux \u00c9tats-Unis parce que ma famille valorise beaucoup ces aspects, mais cela est un luxe que tout le monde n\u2019a pas aux \u00c9tats-Unis comme en France.\u200b<\/span><\/div>\n","protected":false},"excerpt":{"rendered":"<p>Description Ceci est une photo de ma h\u00f4tesse, Louise, qui conduit un v\u00e9lo sur la rue Alsace-Lorraine. Le premier dimanche que je suis \u00e0 Toulouse, le premier de septembre, Louise m&#8217;a donn\u00e9 un tour v\u00e9lo de la ville. Nous avons visit\u00e9 tous les quartiers du centre-ville. Il n\u2019y a personne dans les rues dimanche et [&hellip;]<\/p>\n","protected":false},"author":3660,"featured_media":0,"comment_status":"open","ping_status":"open","sticky":false,"template":"","format":"standard","meta":{"footnotes":""},"categories":[139008],"tags":[],"class_list":["post-91","post","type-post","status-publish","format-standard","hentry","category-26-09"],"_links":{"self":[{"href":"https:\/\/blogs.dickinson.edu\/fr300automne17\/wp-json\/wp\/v2\/posts\/91","targetHints":{"allow":["GET"]}}],"collection":[{"href":"https:\/\/blogs.dickinson.edu\/fr300automne17\/wp-json\/wp\/v2\/posts"}],"about":[{"href":"https:\/\/blogs.dickinson.edu\/fr300automne17\/wp-json\/wp\/v2\/types\/post"}],"author":[{"embeddable":true,"href":"https:\/\/blogs.dickinson.edu\/fr300automne17\/wp-json\/wp\/v2\/users\/3660"}],"replies":[{"embeddable":true,"href":"https:\/\/blogs.dickinson.edu\/fr300automne17\/wp-json\/wp\/v2\/comments?post=91"}],"version-history":[{"count":0,"href":"https:\/\/blogs.dickinson.edu\/fr300automne17\/wp-json\/wp\/v2\/posts\/91\/revisions"}],"wp:attachment":[{"href":"https:\/\/blogs.dickinson.edu\/fr300automne17\/wp-json\/wp\/v2\/media?parent=91"}],"wp:term":[{"taxonomy":"category","embeddable":true,"href":"https:\/\/blogs.dickinson.edu\/fr300automne17\/wp-json\/wp\/v2\/categories?post=91"},{"taxonomy":"post_tag","embeddable":true,"href":"https:\/\/blogs.dickinson.edu\/fr300automne17\/wp-json\/wp\/v2\/tags?post=91"}],"curies":[{"name":"wp","href":"https:\/\/api.w.org\/{rel}","templated":true}]}}