{"id":120,"date":"2018-09-24T15:15:31","date_gmt":"2018-09-24T13:15:31","guid":{"rendered":"http:\/\/blogs.dickinson.edu\/fr300automne18\/?p=120"},"modified":"2018-10-02T14:20:33","modified_gmt":"2018-10-02T12:20:33","slug":"leducation-la-pedagogie-et-la-participation","status":"publish","type":"post","link":"https:\/\/blogs.dickinson.edu\/fr300automne18\/2018\/09\/24\/leducation-la-pedagogie-et-la-participation\/","title":{"rendered":"L&#8217;Education, la p\u00e9dagogie, et la participation"},"content":{"rendered":"<p><img loading=\"lazy\" decoding=\"async\" class=\"size-medium wp-image-121 aligncenter\" src=\"http:\/\/blogs.dickinson.edu\/fr300automne18\/files\/2018\/09\/41467921_1132918593538150_6991648691312394240_n-300x225.jpg\" alt=\"\" width=\"300\" height=\"225\" srcset=\"https:\/\/blogs.dickinson.edu\/fr300automne18\/files\/2018\/09\/41467921_1132918593538150_6991648691312394240_n-300x225.jpg 300w, https:\/\/blogs.dickinson.edu\/fr300automne18\/files\/2018\/09\/41467921_1132918593538150_6991648691312394240_n-768x576.jpg 768w, https:\/\/blogs.dickinson.edu\/fr300automne18\/files\/2018\/09\/41467921_1132918593538150_6991648691312394240_n.jpg 960w\" sizes=\"auto, (max-width: 300px) 100vw, 300px\" \/><\/p>\n<p><span style=\"font-weight: 400\"><b>Description: <\/b>Cette photo montre L\u2019Universit\u00e9 Catholique de Toulouse, o\u00f9 je vais \u00e9tudier pendant le semestre ; je prends le cours dans la litt\u00e9rature, l\u2019histoire et la filmologie. M\u00eam<\/span><span style=\"font-weight: 400\">e si j\u2019avais souvent entendu dans mes cours de fran\u00e7ais aux \u00c9tats-Unis que le syst\u00e8me d&#8217;enseignement en France est tr\u00e8s diff\u00e9rent, il y a encore les surprises pour moi dans cette p\u00e9riode de transition comme j\u2019essaie de devenir \u00e0 l&#8217;aise dans mes cours universitaires \u00e0 ICT. L&#8217;une des plus grandes diff\u00e9rences que j&#8217;ai remarqu\u00e9es dans mes cours \u00e0 ICT est la fa\u00e7on dont mes cours se concentrent sur la consommation d\u2019information et l&#8217;\u00e9criture de notes par rapport aux discussions en classe, la participation orale ou les d\u00e9bats. Avant que je sois arriv\u00e9e en France, c\u2019\u00e9tait clair pour moi que le syst\u00e8me fran\u00e7ais est diff\u00e9rent et que mes cours seraient structur\u00e9es comme \u00e7a. N\u00e9anmoins, quand j\u2019\u00e9tais dans mes cours \u00e0 ICT, j\u2019avais r\u00e9alis\u00e9 que je n\u2019avais pas su la th\u00e9orie qui justifie la structure du syst\u00e8me d&#8217;enseignement en France. Quand j\u2019\u00e9tais dans mon cours d\u2019histoire \u00e0 ICT et j\u2019ai vu le professeur donne sa conf\u00e9rence et les \u00e9tudiants \u00e9crivent leurs notes incroyablement d\u00e9taill\u00e9es, je suis devenue curieuse de comprendre la th\u00e9orie et l\u2019histoire p\u00e9dagogique du style de l\u2019enseignement fran\u00e7ais.<\/span><\/p>\n<p><b>Interpr\u00e9tation: <\/b><span style=\"font-weight: 400\">Au d\u00e9but, j\u2019avais pens\u00e9 que peut-\u00eatre c\u2019est moins typique de poser beaucoup de questions aux \u00e9tudiants dans les cours fran\u00e7ais parce qu\u2019en France les professeurs sont tr\u00e8s respect\u00e9s dans leurs domaines de comp\u00e9tence. Les relations entre les professeurs et leurs \u00e9tudiants me semblent plus formels en g\u00e9n\u00e9ral en comparaison avec les \u00c9tats-Unis. J\u2019avais pens\u00e9 que peut-\u00eatre pour cette raison, il pourrait \u00eatre consid\u00e9r\u00e9 comme irrespectueux ou inappropri\u00e9 si les \u00e9l\u00e8ves parle<\/span><span style=\"font-weight: 400\">nt trop en classe, car cela peut saper les connaissances sp\u00e9cialis\u00e9es du professeur. J&#8217;ai pos\u00e9 cette question \u00e0 mon h\u00f4tesse, qui est professeure d&#8217;anglais dans une universit\u00e9 fran\u00e7aise elle-m\u00eame. Elle m&#8217;a dit qu&#8217;\u00e0 son avis, le syst\u00e8me d&#8217;enseignement en France se concentre sur la diss\u00e9mination d&#8217;informations et de contenus acad\u00e9miques aux \u00e9tudiants et ne se concentre pas beaucoup sur la mani\u00e8re dont ces informations sont transmises du professeur \u00e0 l&#8217;\u00e9tudiant. Elle a d\u00e9clar\u00e9 que comme professeur dans le syst\u00e8me fran\u00e7ais, on se concentre souvent plus sur la ma\u00eetrise de ses sujets particuliers que sur la ma\u00eetrise de techniques p\u00e9dagogiques particuli\u00e8res. Pour cette raison, la discussion en classe ou la mani\u00e8re dont\u00a0<\/span><span style=\"font-weight: 400\">les \u00e9l\u00e8ves peuvent comprendre l&#8217;information sont moins importantes &#8211; l&#8217;emphase est mis sur la qualit\u00e9 de l&#8217;information acad\u00e9mique elle-m\u00eame.<\/span><\/p>\n<p><b>Evaluation: <\/b><span style=\"font-weight: 400\">C\u2019\u00e9tait tr\u00e8s int\u00e9ressant pour moi que pendant notre conversation<\/span><span style=\"font-weight: 400\">, mon h\u00f4tesse \u00e9tait critique du syst\u00e8me d\u2019enseignement fran\u00e7ais. Elle a dit qu\u2019elle pensait qu\u2019il doit mettre plus d&#8217;emphase sur la p\u00e9dagogie et les techniques d\u2019enseignement pour les professeurs dans toutes les mati\u00e8res. Elle a aussi dit que dans ses cours, elle essaie de demander la participation des \u00e9tudiants dans la discussion, car c&#8217;est sa m\u00e9thode d&#8217;apprentissage pr\u00e9f\u00e9r\u00e9e. Cette conversation \u00e9tait un rappel important pour moi de reconna\u00eetre que ce n\u2019est pas possible ou intelligent <\/span><span style=\"font-weight: 400\">\u00e0<\/span><span style=\"font-weight: 400\"> faire <\/span><span style=\"font-weight: 400\">d<\/span><span style=\"font-weight: 400\">es <\/span><span style=\"font-weight: 400\">g\u00e9n\u00e9ralisations<\/span><span style=\"font-weight: 400\"> su<\/span><span style=\"font-weight: 400\">r le syst\u00e8me d&#8217;enseignement fran\u00e7ais ou la fa\u00e7on dont les Fran\u00e7ais le per\u00e7oivent. Simplement parce que quel<\/span><span style=\"font-weight: 400\">que chose est structur\u00e9 d&#8217;une mani\u00e8re particuli\u00e8re, ceci ne signifie pas que la m<\/span><span style=\"font-weight: 400\">ajorit\u00e9 de personnes fran\u00e7aises sont d&#8217;accord avec la structure. M\u00eame qu&#8217;on peut voir les tendances dans les cours fran\u00e7ais, on doit se souvenir que beaucoup de profs diff\u00e9rents peuvent donner leurs propres styles d&#8217;enseignement qui sont tr\u00e8s diverses.\u00a0<\/span><\/p>\n<p><strong>Note : 15<\/strong><\/p>\n","protected":false},"excerpt":{"rendered":"<p>Description: Cette photo montre L\u2019Universit\u00e9 Catholique de Toulouse, o\u00f9 je vais \u00e9tudier pendant le semestre ; je prends le cours dans la litt\u00e9rature, l\u2019histoire et la filmologie. M\u00eame si j\u2019avais souvent entendu dans mes cours de fran\u00e7ais aux \u00c9tats-Unis que le syst\u00e8me d&#8217;enseignement en France est tr\u00e8s diff\u00e9rent, il y a encore les surprises pour [&hellip;]<\/p>\n","protected":false},"author":3870,"featured_media":0,"comment_status":"open","ping_status":"open","sticky":false,"template":"","format":"standard","meta":{"footnotes":""},"categories":[153662],"tags":[],"class_list":["post-120","post","type-post","status-publish","format-standard","hentry","category-25-septembre"],"_links":{"self":[{"href":"https:\/\/blogs.dickinson.edu\/fr300automne18\/wp-json\/wp\/v2\/posts\/120","targetHints":{"allow":["GET"]}}],"collection":[{"href":"https:\/\/blogs.dickinson.edu\/fr300automne18\/wp-json\/wp\/v2\/posts"}],"about":[{"href":"https:\/\/blogs.dickinson.edu\/fr300automne18\/wp-json\/wp\/v2\/types\/post"}],"author":[{"embeddable":true,"href":"https:\/\/blogs.dickinson.edu\/fr300automne18\/wp-json\/wp\/v2\/users\/3870"}],"replies":[{"embeddable":true,"href":"https:\/\/blogs.dickinson.edu\/fr300automne18\/wp-json\/wp\/v2\/comments?post=120"}],"version-history":[{"count":0,"href":"https:\/\/blogs.dickinson.edu\/fr300automne18\/wp-json\/wp\/v2\/posts\/120\/revisions"}],"wp:attachment":[{"href":"https:\/\/blogs.dickinson.edu\/fr300automne18\/wp-json\/wp\/v2\/media?parent=120"}],"wp:term":[{"taxonomy":"category","embeddable":true,"href":"https:\/\/blogs.dickinson.edu\/fr300automne18\/wp-json\/wp\/v2\/categories?post=120"},{"taxonomy":"post_tag","embeddable":true,"href":"https:\/\/blogs.dickinson.edu\/fr300automne18\/wp-json\/wp\/v2\/tags?post=120"}],"curies":[{"name":"wp","href":"https:\/\/api.w.org\/{rel}","templated":true}]}}