{"id":205,"date":"2018-10-01T12:39:54","date_gmt":"2018-10-01T10:39:54","guid":{"rendered":"http:\/\/blogs.dickinson.edu\/fr300automne18\/?p=205"},"modified":"2018-10-10T18:54:58","modified_gmt":"2018-10-10T16:54:58","slug":"un-cafe-sil-vous-plait","status":"publish","type":"post","link":"https:\/\/blogs.dickinson.edu\/fr300automne18\/2018\/10\/01\/un-cafe-sil-vous-plait\/","title":{"rendered":"Un caf\u00e9, s&#8217;il vous pla\u00eet?"},"content":{"rendered":"<p><img loading=\"lazy\" decoding=\"async\" class=\"size-medium wp-image-206 alignleft\" src=\"http:\/\/blogs.dickinson.edu\/fr300automne18\/files\/2018\/10\/Screen-Shot-2018-10-01-at-6.28.23-AM-300x216.png\" alt=\"\" width=\"300\" height=\"216\" srcset=\"https:\/\/blogs.dickinson.edu\/fr300automne18\/files\/2018\/10\/Screen-Shot-2018-10-01-at-6.28.23-AM-300x216.png 300w, https:\/\/blogs.dickinson.edu\/fr300automne18\/files\/2018\/10\/Screen-Shot-2018-10-01-at-6.28.23-AM.png 621w\" sizes=\"auto, (max-width: 300px) 100vw, 300px\" \/><\/p>\n<p>&nbsp;<\/p>\n<p>&nbsp;<\/p>\n<p>&nbsp;<\/p>\n<p>&nbsp;<\/p>\n<p>&nbsp;<\/p>\n<p>&nbsp;<\/p>\n<p>&nbsp;<\/p>\n<p>&nbsp;<\/p>\n<p>&nbsp;<\/p>\n<p><b>Description: <\/b><span style=\"font-weight: 400\">Cette photo montre le caf\u00e9 Ras la Tasse o\u00f9 j\u2019aime faire mes devoirs les lundis. Ici, le service reste tr\u00e8s calme. Chaque fois je suis ici, quand je veux prendre un caf\u00e9, je deviens un peu maladroite\u00a0parce que je ne suis pas toujours s\u00fbre ce que je dois faire. J\u2019approche le comptoir, dit <\/span><span style=\"font-weight: 400\">\u00ab <\/span><span style=\"font-weight: 400\">bonjour <\/span><span style=\"font-weight: 400\">\u00bb<\/span><span style=\"font-weight: 400\"> et commande le latt\u00e9 que je veux. Apr\u00e8s, la confusion commence &#8212; est-ce que c\u2019est plus normal d\u2019attendre le latt\u00e9 au comptoir ou de revenir \u00e0 ma chaise et attendre le barista de l\u2019apporter ? Si quinze minutes passent et je n\u2019ai pas le latt\u00e9 est-ce que quelqu\u2019un a oubli\u00e9 la commande ? Dans les caf\u00e9s comme Ras la Tasse, il y a toujours un air tr\u00e8s d\u00e9tendu que me rends tr\u00e8s conscient \u00e0 quel point je suis am\u00e9ricaine et habitu\u00e9e au service tr\u00e8s efficace et un peu impersonnel. Chaque fois apr\u00e8s mon monologue int\u00e9rieur de confusion, le caf\u00e9 arrive et tout va bien. Mais les petites interactions comme cela me rappellent que je ne suis pas aux \u00c9tats-Unis et que les normes, m\u00eame que dans les situations pas importantes, sont diff\u00e9rentes. \u00a0<\/span><\/p>\n<p><b>Interpr\u00e9tation: <\/b><span style=\"font-weight: 400\">Mes exp\u00e9riences \u00e0 Ras la Tasse peuvent l\u00e9gitimer les clich\u00e9s sur la culture fran\u00e7aise en comparaison avec la culture am\u00e9ricaine &#8212; que les Fran\u00e7ais savent comment se relaxer et vivre avec un rythme d\u00e9tendu, mais les Am\u00e9ricains savent comment faire plusieurs choses en m\u00eame temps et se pr\u00e9cipiter pendant toute la journ\u00e9e. Je pense qu\u2019il y a un \u00e9l\u00e9ment de la v\u00e9rit\u00e9 dans ce clich\u00e9, mais qu\u2019on peut trouver quelque chose de plus significative\u00a0dans cette petite diff\u00e9rence culturelle. Quand j&#8217;ai discut\u00e9 de sujet avec un de mes anciens professeurs de fran\u00e7ais qui a grandi \u00e0 Aurillac, il a dit la phrase <\/span><span style=\"font-weight: 400\">\u00ab <\/span><span style=\"font-weight: 400\">les Am\u00e9ricains vivent pour travailler et les Fran\u00e7ais travaillent pour vivre <\/span><span style=\"font-weight: 400\">\u00bb<\/span><span style=\"font-weight: 400\">. En g\u00e9n\u00e9ral, il y a les politiques gouvernementales en France qui soutiennent un \u00e9quilibre plus d\u00e9contract\u00e9 entre la vie professionnelle et la vie priv\u00e9e, comme mon h\u00f4tesse qui a 30 jours de cong\u00e9s pay\u00e9s par ann\u00e9e. Je pense que c\u2019est possible que toutes les influences comme les politiques gouvernementales et les normes sociales, comme la pratique d\u2019arr\u00eater la journ\u00e9e de boire du caf\u00e9 dans un caf\u00e9 plut\u00f4t que de prendre un <\/span><span style=\"font-weight: 400\">\u00ab <\/span><span style=\"font-weight: 400\">to-go cup <\/span><span style=\"font-weight: 400\">\u00bb<\/span><span style=\"font-weight: 400\"> am\u00e9ricain, peuvent influencer l\u2019atmosph\u00e8re que je ressens \u00e0 Ras la Tasse.<\/span><\/p>\n<p><b>Evaluation: <\/b><span style=\"font-weight: 400\">Je pense qu&#8217;il est bon d&#8217;avoir ces petits rappels que je suis en fait d\u00e9pays\u00e9e \u00e0 Toulouse. Je trouve les situations comme ma gaucherie au caf\u00e9 amusantes, parce qu\u2019il est un peu absurde comment les petits changements peuvent vous surprendre. Quand je suis oblig\u00e9e de changer quelque chose comme ma routine dans un caf\u00e9 ou le rythme de ma journ\u00e9e, je r\u00e9alise \u00e0 quel point je suis tr\u00e8s attach\u00e9e \u00e0 mes habitudes. C\u2019est un petit coup de pousse de me forcer \u00e0 abandonner mes id\u00e9es pr\u00e9con\u00e7ues am\u00e9ricaines et d\u2019essayer le mode de vie fran\u00e7ais m\u00eame que ce n\u2019est pas toujours dans ma zone de confort. <\/span><\/p>\n<p><strong>Note : 16<\/strong><\/p>\n","protected":false},"excerpt":{"rendered":"<p>&nbsp; &nbsp; &nbsp; &nbsp; &nbsp; &nbsp; &nbsp; &nbsp; &nbsp; Description: Cette photo montre le caf\u00e9 Ras la Tasse o\u00f9 j\u2019aime faire mes devoirs les lundis. Ici, le service reste tr\u00e8s calme. Chaque fois je suis ici, quand je veux prendre un caf\u00e9, je deviens un peu maladroite\u00a0parce que je ne suis pas toujours s\u00fbre ce [&hellip;]<\/p>\n","protected":false},"author":3870,"featured_media":0,"comment_status":"open","ping_status":"open","sticky":false,"template":"","format":"standard","meta":{"footnotes":""},"categories":[153661],"tags":[],"class_list":["post-205","post","type-post","status-publish","format-standard","hentry","category-2-octobre"],"_links":{"self":[{"href":"https:\/\/blogs.dickinson.edu\/fr300automne18\/wp-json\/wp\/v2\/posts\/205","targetHints":{"allow":["GET"]}}],"collection":[{"href":"https:\/\/blogs.dickinson.edu\/fr300automne18\/wp-json\/wp\/v2\/posts"}],"about":[{"href":"https:\/\/blogs.dickinson.edu\/fr300automne18\/wp-json\/wp\/v2\/types\/post"}],"author":[{"embeddable":true,"href":"https:\/\/blogs.dickinson.edu\/fr300automne18\/wp-json\/wp\/v2\/users\/3870"}],"replies":[{"embeddable":true,"href":"https:\/\/blogs.dickinson.edu\/fr300automne18\/wp-json\/wp\/v2\/comments?post=205"}],"version-history":[{"count":0,"href":"https:\/\/blogs.dickinson.edu\/fr300automne18\/wp-json\/wp\/v2\/posts\/205\/revisions"}],"wp:attachment":[{"href":"https:\/\/blogs.dickinson.edu\/fr300automne18\/wp-json\/wp\/v2\/media?parent=205"}],"wp:term":[{"taxonomy":"category","embeddable":true,"href":"https:\/\/blogs.dickinson.edu\/fr300automne18\/wp-json\/wp\/v2\/categories?post=205"},{"taxonomy":"post_tag","embeddable":true,"href":"https:\/\/blogs.dickinson.edu\/fr300automne18\/wp-json\/wp\/v2\/tags?post=205"}],"curies":[{"name":"wp","href":"https:\/\/api.w.org\/{rel}","templated":true}]}}