{"id":213,"date":"2018-10-01T13:52:25","date_gmt":"2018-10-01T11:52:25","guid":{"rendered":"http:\/\/blogs.dickinson.edu\/fr300automne18\/?p=213"},"modified":"2018-10-23T11:01:39","modified_gmt":"2018-10-23T09:01:39","slug":"ferme-le-dimanche","status":"publish","type":"post","link":"https:\/\/blogs.dickinson.edu\/fr300automne18\/2018\/10\/01\/ferme-le-dimanche\/","title":{"rendered":"Ferm\u00e9 le dimanche?"},"content":{"rendered":"<p><img loading=\"lazy\" decoding=\"async\" class=\"alignnone size-medium wp-image-214\" src=\"http:\/\/blogs.dickinson.edu\/fr300automne18\/files\/2018\/10\/carrefour_city_09102700_180858635-300x225.jpeg\" alt=\"\" width=\"300\" height=\"225\" srcset=\"https:\/\/blogs.dickinson.edu\/fr300automne18\/files\/2018\/10\/carrefour_city_09102700_180858635-300x225.jpeg 300w, https:\/\/blogs.dickinson.edu\/fr300automne18\/files\/2018\/10\/carrefour_city_09102700_180858635-768x576.jpeg 768w, https:\/\/blogs.dickinson.edu\/fr300automne18\/files\/2018\/10\/carrefour_city_09102700_180858635.jpeg 1024w\" sizes=\"auto, (max-width: 300px) 100vw, 300px\" \/><\/p>\n<p>Description\u00a0:<\/p>\n<p>En France, il est typique de ne pas avoir les magasins ouverts le dimanche. Le\u00a0premi\u00e8re week-end j\u2019\u00e9tais\u00a0\u00e0 Toulouse, la photo du\u00a0petit Carrefour City \u00e0 c\u00f4t\u00e9 de ma maison \u00e9tait ferm\u00e9e le dimanche et nous avons d\u00fb improviser sans beurre pour le d\u00eener. M\u00eame les Fran\u00e7ais oublient quelquefois\u00a0que les magasins sont ferm\u00e9s. Quelques magasins sont ouverts le dimanche mais seulement pour quelques heures dans la journ\u00e9e.<\/p>\n<p>Interpr\u00e9tation\u00a0:<\/p>\n<p>Historiquement, le dimanche est typiquement un jour pour<strong> se<\/strong> reposer et c\u2019est pourquoi beaucoup de magasins, comme les supermarch\u00e9s et les pharmacies sont ferm\u00e9s. Ces magasins ne sont pas autoris\u00e9s d\u2019ouvrir le dimanche, sauf dans les r\u00e9gions sp\u00e9cifiques. Une amie fran\u00e7aise m\u2019a dit que maintenant il y a le \u00ab\u00a0Loi Macron\u00a0\u00bb qui a donn\u00e9 plus de libert\u00e9 aux magasins pour ouvrir le dimanche. Les clients et les propri\u00e9taires ont demand\u00e9 plus de libert\u00e9 de faire les courses et d\u2019\u00eatre ouvert le dimanche. Parfois c\u2019est mieux pour les magasins comme les boulangeries de rester ouverts le dimanche pour le commerce. Pour se faire pardonner pour le fait que beaucoup de magasins sont ferm\u00e9s, le dimanche est un jour pour les march\u00e9s. Cela favorise le temps pass\u00e9 en famille, les sorties \u00e0 l&#8217;ext\u00e9rieur et la bonne nourriture. Tous ces aspects sont importants d\u2019un dimanche de repos.<\/p>\n<p>\u00c9valuation\u00a0:<\/p>\n<p>C\u2019est difficile de planifier la semaine sachant que pour la plupart les magasins sont ferm\u00e9s le dimanche. J\u2019ai observ\u00e9 dans ma famille accueil que le samedi est le jour o\u00f9 ils font les courses, mais quelquefois ils ont oubli\u00e9 quelque chose pour le repas. Je pense que c\u2019est bien alors d\u2019avoir les march\u00e9s le dimanche, parce que nous achetons la nourriture pour le d\u00eener l\u00e0-bas. \u00a0J\u2019aime l\u2019intention d\u2019avoir un jour pour\u00a0le\u00a0reposer, mais le week-end est aussi parfois la seule fois dans la semaine que les gens sont libres, alors ils seraient bons qu\u2019ils soient ouverts.<\/p>\n<p><strong>Note finale : 14,5<\/strong><\/p>\n","protected":false},"excerpt":{"rendered":"<p>Description\u00a0: En France, il est typique de ne pas avoir les magasins ouverts le dimanche. Le\u00a0premi\u00e8re week-end j\u2019\u00e9tais\u00a0\u00e0 Toulouse, la photo du\u00a0petit Carrefour City \u00e0 c\u00f4t\u00e9 de ma maison \u00e9tait ferm\u00e9e le dimanche et nous avons d\u00fb improviser sans beurre pour le d\u00eener. M\u00eame les Fran\u00e7ais oublient quelquefois\u00a0que les magasins sont ferm\u00e9s. Quelques magasins sont [&hellip;]<\/p>\n","protected":false},"author":3432,"featured_media":0,"comment_status":"open","ping_status":"open","sticky":false,"template":"","format":"standard","meta":{"footnotes":""},"categories":[153661],"tags":[],"class_list":["post-213","post","type-post","status-publish","format-standard","hentry","category-2-octobre"],"_links":{"self":[{"href":"https:\/\/blogs.dickinson.edu\/fr300automne18\/wp-json\/wp\/v2\/posts\/213","targetHints":{"allow":["GET"]}}],"collection":[{"href":"https:\/\/blogs.dickinson.edu\/fr300automne18\/wp-json\/wp\/v2\/posts"}],"about":[{"href":"https:\/\/blogs.dickinson.edu\/fr300automne18\/wp-json\/wp\/v2\/types\/post"}],"author":[{"embeddable":true,"href":"https:\/\/blogs.dickinson.edu\/fr300automne18\/wp-json\/wp\/v2\/users\/3432"}],"replies":[{"embeddable":true,"href":"https:\/\/blogs.dickinson.edu\/fr300automne18\/wp-json\/wp\/v2\/comments?post=213"}],"version-history":[{"count":0,"href":"https:\/\/blogs.dickinson.edu\/fr300automne18\/wp-json\/wp\/v2\/posts\/213\/revisions"}],"wp:attachment":[{"href":"https:\/\/blogs.dickinson.edu\/fr300automne18\/wp-json\/wp\/v2\/media?parent=213"}],"wp:term":[{"taxonomy":"category","embeddable":true,"href":"https:\/\/blogs.dickinson.edu\/fr300automne18\/wp-json\/wp\/v2\/categories?post=213"},{"taxonomy":"post_tag","embeddable":true,"href":"https:\/\/blogs.dickinson.edu\/fr300automne18\/wp-json\/wp\/v2\/tags?post=213"}],"curies":[{"name":"wp","href":"https:\/\/api.w.org\/{rel}","templated":true}]}}