{"id":229,"date":"2018-10-01T21:06:48","date_gmt":"2018-10-01T19:06:48","guid":{"rendered":"http:\/\/blogs.dickinson.edu\/fr300automne18\/?p=229"},"modified":"2018-10-15T10:31:52","modified_gmt":"2018-10-15T08:31:52","slug":"il-fait-froid","status":"publish","type":"post","link":"https:\/\/blogs.dickinson.edu\/fr300automne18\/2018\/10\/01\/il-fait-froid\/","title":{"rendered":"il fait froid"},"content":{"rendered":"<p><img loading=\"lazy\" decoding=\"async\" class=\"size-medium wp-image-230\" src=\"http:\/\/blogs.dickinson.edu\/fr300automne18\/files\/2018\/10\/BB62A20F-4920-4F06-AC2B-4B6F2478134B-300x225.jpg\" alt=\"\" width=\"300\" height=\"225\" srcset=\"https:\/\/blogs.dickinson.edu\/fr300automne18\/files\/2018\/10\/BB62A20F-4920-4F06-AC2B-4B6F2478134B-300x225.jpg 300w, https:\/\/blogs.dickinson.edu\/fr300automne18\/files\/2018\/10\/BB62A20F-4920-4F06-AC2B-4B6F2478134B-768x576.jpg 768w, https:\/\/blogs.dickinson.edu\/fr300automne18\/files\/2018\/10\/BB62A20F-4920-4F06-AC2B-4B6F2478134B-1024x768.jpg 1024w\" sizes=\"auto, (max-width: 300px) 100vw, 300px\" \/><\/p>\n<p><b>Description<\/b><\/p>\n<p><span style=\"font-weight: 400\">J\u2019ai pris cette photo le semaine derni\u00e8re quand il a commenc\u00e9 \u00e0 faire plus froid. Quand il fait froid \u00e0 Toulouse, je remarque que les gens semblent s\u2019accoutrer pour le temps. Ils portent des <strong>douanes<\/strong> et des pulls \u00e9pais quand il fait 20 degr\u00e9s. Aujourd\u2019hui suis revenu du Rome ou il faisait plus chaud et je portais un short. Une femme dans le m\u00e9tro \u00e0 Toulouse ne s&#8217;arr\u00eaterait pas de me regarder parce que j&#8217;\u00e9tais la seule personne \u00e0 ne pas porter de pantalon.<\/span><\/p>\n<p><b>Interpretation<\/b><\/p>\n<p><span style=\"font-weight: 400\">Il est possible que les gens de Toulouse ne soient pas habitu\u00e9s au froid, alors ils r\u00e9compensent en portant beaucoup de couches de v\u00eatements. Il me semble bizarre que les gens portent les v\u00eatements pour le temps froid au d\u00e9but d\u2019octobre et je suis curieuse de voir ce qu\u2019ils vont porter en <strong>de<\/strong>cembre.<strong> ( \u00e0 poser la question alors aux personnes locales)<\/strong> La femme dans le m\u00e9tro me regardait parce que je ne connais pas cette r\u00e8gle et j&#8217;\u00e9tais la seule personne \u00e0 porter un short. <strong>( Attention, un regard n&#8217;est pas un partage de perspective.)<\/strong> Je suis habitu\u00e9e au temps froid, alors le froid aujourd&#8217;hui ne me d\u00e9rangeait pas.<\/span><\/p>\n<p><b>Evaluation<\/b><\/p>\n<p><span style=\"font-weight: 400\">La mode est un aspect important de la culture fran\u00e7aise et j\u2019ai <strong>viol\u00e9<\/strong> cette culture aujourd&#8217;hui en portant un short quand il fait 20 degr\u00e9s. Par contre, les fran\u00e7ais savent que quand on sort de la maison il est important d\u2019apporter des v\u00eatements qui vont assurer la chaleur et le confort de quelqu&#8217;un tout au long de la journ\u00e9e. Pour plusieurs personnes c&#8217;est impossible de revenir \u00e0 la maison si on veut un pull ou une veste, alors il est intelligent de planifier \u00e0 l&#8217;avance et d&#8217;apporter ce que vous pensez avoir besoin.<\/span><\/p>\n<p><strong>Note finale : 13<\/strong><\/p>\n","protected":false},"excerpt":{"rendered":"<p>Description J\u2019ai pris cette photo le semaine derni\u00e8re quand il a commenc\u00e9 \u00e0 faire plus froid. Quand il fait froid \u00e0 Toulouse, je remarque que les gens semblent s\u2019accoutrer pour le temps. Ils portent des douanes et des pulls \u00e9pais quand il fait 20 degr\u00e9s. Aujourd\u2019hui suis revenu du Rome ou il faisait plus chaud [&hellip;]<\/p>\n","protected":false},"author":3419,"featured_media":0,"comment_status":"open","ping_status":"open","sticky":false,"template":"","format":"standard","meta":{"footnotes":""},"categories":[153661],"tags":[],"class_list":["post-229","post","type-post","status-publish","format-standard","hentry","category-2-octobre"],"_links":{"self":[{"href":"https:\/\/blogs.dickinson.edu\/fr300automne18\/wp-json\/wp\/v2\/posts\/229","targetHints":{"allow":["GET"]}}],"collection":[{"href":"https:\/\/blogs.dickinson.edu\/fr300automne18\/wp-json\/wp\/v2\/posts"}],"about":[{"href":"https:\/\/blogs.dickinson.edu\/fr300automne18\/wp-json\/wp\/v2\/types\/post"}],"author":[{"embeddable":true,"href":"https:\/\/blogs.dickinson.edu\/fr300automne18\/wp-json\/wp\/v2\/users\/3419"}],"replies":[{"embeddable":true,"href":"https:\/\/blogs.dickinson.edu\/fr300automne18\/wp-json\/wp\/v2\/comments?post=229"}],"version-history":[{"count":0,"href":"https:\/\/blogs.dickinson.edu\/fr300automne18\/wp-json\/wp\/v2\/posts\/229\/revisions"}],"wp:attachment":[{"href":"https:\/\/blogs.dickinson.edu\/fr300automne18\/wp-json\/wp\/v2\/media?parent=229"}],"wp:term":[{"taxonomy":"category","embeddable":true,"href":"https:\/\/blogs.dickinson.edu\/fr300automne18\/wp-json\/wp\/v2\/categories?post=229"},{"taxonomy":"post_tag","embeddable":true,"href":"https:\/\/blogs.dickinson.edu\/fr300automne18\/wp-json\/wp\/v2\/tags?post=229"}],"curies":[{"name":"wp","href":"https:\/\/api.w.org\/{rel}","templated":true}]}}