{"id":235,"date":"2018-10-01T23:20:40","date_gmt":"2018-10-01T21:20:40","guid":{"rendered":"http:\/\/blogs.dickinson.edu\/fr300automne18\/?p=235"},"modified":"2018-10-15T10:33:42","modified_gmt":"2018-10-15T08:33:42","slug":"vocal-band","status":"publish","type":"post","link":"https:\/\/blogs.dickinson.edu\/fr300automne18\/2018\/10\/01\/vocal-band\/","title":{"rendered":"Vocal Band"},"content":{"rendered":"<p><img loading=\"lazy\" decoding=\"async\" class=\"alignnone size-medium wp-image-233\" src=\"http:\/\/blogs.dickinson.edu\/fr300automne18\/files\/2018\/10\/vocal-band-blog-3-1-300x225.jpg\" alt=\"\" width=\"300\" height=\"225\" srcset=\"https:\/\/blogs.dickinson.edu\/fr300automne18\/files\/2018\/10\/vocal-band-blog-3-1-300x225.jpg 300w, https:\/\/blogs.dickinson.edu\/fr300automne18\/files\/2018\/10\/vocal-band-blog-3-1-768x576.jpg 768w, https:\/\/blogs.dickinson.edu\/fr300automne18\/files\/2018\/10\/vocal-band-blog-3-1-1024x768.jpg 1024w\" sizes=\"auto, (max-width: 300px) 100vw, 300px\" \/><\/p>\n<p><span style=\"font-weight: 400\">Description<\/span><\/p>\n<p><span style=\"font-weight: 400\">J\u2019ai pris cette photo le vingt-sept Octobre \u00e0 19h30 dans une salle de classe \u00e0 L\u2019Institut Catholique de Toulouse quand Julianna et moi sommes all\u00e9es \u00e0 la premi\u00e8re r\u00e9p\u00e9tition pour le Vocal Band. Julianna et moi sommes all\u00e9es parce que nous aimons chanter et nous voulons chanter en France. Le gar\u00e7on dans la photo s\u2019appelle Daveed et il est le chef du groupe. Derri\u00e8re lui, il y a un tableau avec une liste des chansons qu\u2019il a arrang\u00e9 pour le groupe. Daveed a parl\u00e9 un peu des chansons et des spectacles auxquels le groupe va chanter. Il y avait huit \u00e9tudiants dans la salle et nous avons \u00e9cout\u00e9 les chansons et ensuite nous avons donn\u00e9 un num\u00e9ro sur dix \u00e0 chaque chanson. Apr\u00e8s une heure d\u2019\u00e9couter, nous avons fait le tour du groupe et nous nous sommes pr\u00e9sent\u00e9es. Ils semblaient tous tr\u00e8s enthousiastes d\u2019\u00eatre dans le groupe et c\u2019\u00e9tait tr\u00e8s int\u00e9ressante parce qu\u2019il y avait des gens qui n\u2019avaient jamais chant\u00e9 dans un groupe avant le Vocal Band.<\/span><\/p>\n<p><span style=\"font-weight: 400\">Interpr\u00e9tation<\/span><\/p>\n<p><span style=\"font-weight: 400\">La partie la plus int\u00e9ressante de cette exp\u00e9rience pour moi \u00e9tait le manque d\u2019une audition. Tous les gens qui \u00e9taient l\u00e0, \u00e9taient automatiquement dans le groupe. Les groupes qui chantent aux \u00c9tats-Unis, plus pr\u00e9cis\u00e9ment aux universit\u00e9s, sont extr\u00eamement comp\u00e9titifs et exclusifs. Je trouve deux explications pour cette diff\u00e9rence. Aux- \u00c9tats-Unis, les activit\u00e9s p\u00e9riscolaires sont populaires et aussi tr\u00e8s abondants parce que les gens ont le temps pour faire les activit\u00e9s dehors de l\u2019\u00e9cole. En France, l\u2019\u00e9cole est beaucoup plus longue pour les \u00e9tudiants, donc ils n\u2019ont pas le temps. <\/span><\/p>\n<p><span style=\"font-weight: 400\">Je l\u2019ai remarqu\u00e9 avec la fille de mes h\u00f4tes et ses amis. Ils font au plus deux activit\u00e9s p\u00e9riscolaires par semaine, comme danse ou piano, alors qu\u2019aux \u00c9tats-Unis, les \u00e9tudiants peuvent facilement faire cinq par semaine, comme les sports et les clubs. Les \u00e9coles fran\u00e7aises n\u2019ont pas d\u2019\u00e9quipes sportives. Donc, je pense que pour la plupart des membres, Vocal Band est un bon d\u00e9bouch\u00e9 \u00e0 la cr\u00e9ativit\u00e9. La plupart des gens sont occup\u00e9s avec l\u2019\u00e9cole donc celui qui veut participer peut. <\/span><\/p>\n<p><span style=\"font-weight: 400\">J\u2019ai parl\u00e9 avec une fille dans la groupe apr\u00e8s la r\u00e9union et elle m\u2019a dit que elle veut rencontrer les nouvelles personnes. Je me souviens que Julien, notre guide pour ICT, nous a dit que les \u00e9tudiants \u00e0 Toulouse veulent rencontrer les nouvelles personnes parce que ils ont v\u00e9cu toute leurs vies \u00e0 Toulouse et ne se sont pas fait de nouveaux amis depuis longtemps. Pour eux, Vocal Band est vraiment un d\u00e9bouch\u00e9 \u00e0 la socialisation. Je peux utiliser les mots amusant, surprenant, accueillant, et optimiste pour d\u00e9crire la situation. <\/span><\/p>\n<p><span style=\"font-weight: 400\">Evaluation<\/span><\/p>\n<p><span style=\"font-weight: 400\">Je pense que c\u2019\u00e9tait une tr\u00e8s bonne exp\u00e9rience. J\u2019esp\u00e8re que je vais <\/span>me <span style=\"font-weight: 400\">lier d\u2019amiti\u00e9 avec des Fran\u00e7ais. Je suis tr\u00e8s contente d\u2019\u00eatre capable de chanter en France avec les \u00e9tudiants qui ont la m\u00eame \u00e2ge que moi. Je pense qu\u2019il y avait seulement huit personnes l\u00e0 parce que la culture p\u00e9riscolaire n\u2019existe pas vraiment en France comme aux \u00c9tats- Unis. Je pense que c\u2019est un peu triste parce que pour moi, les activit\u00e9s p\u00e9riscolaires que j\u2019ai faites sont quelques-uns des meilleurs souvenirs de ma vie. Les activit\u00e9s du th\u00e9\u00e2tre que j\u2019ai faites dehors de l\u2019\u00e9cole ont commenc\u00e9 mon int\u00e9r\u00eat avec th\u00e9\u00e2tre, u<\/span>ne c<span style=\"font-weight: 400\">hose que j\u2019esp\u00e8re sera, un jour, devenir mon travail.<\/span><\/p>\n<p><b>Note finale : 15,5<\/b><\/p>\n","protected":false},"excerpt":{"rendered":"<p>Description J\u2019ai pris cette photo le vingt-sept Octobre \u00e0 19h30 dans une salle de classe \u00e0 L\u2019Institut Catholique de Toulouse quand Julianna et moi sommes all\u00e9es \u00e0 la premi\u00e8re r\u00e9p\u00e9tition pour le Vocal Band. Julianna et moi sommes all\u00e9es parce que nous aimons chanter et nous voulons chanter en France. Le gar\u00e7on dans la photo [&hellip;]<\/p>\n","protected":false},"author":3439,"featured_media":0,"comment_status":"open","ping_status":"open","sticky":false,"template":"","format":"standard","meta":{"footnotes":""},"categories":[153661],"tags":[],"class_list":["post-235","post","type-post","status-publish","format-standard","hentry","category-2-octobre"],"_links":{"self":[{"href":"https:\/\/blogs.dickinson.edu\/fr300automne18\/wp-json\/wp\/v2\/posts\/235","targetHints":{"allow":["GET"]}}],"collection":[{"href":"https:\/\/blogs.dickinson.edu\/fr300automne18\/wp-json\/wp\/v2\/posts"}],"about":[{"href":"https:\/\/blogs.dickinson.edu\/fr300automne18\/wp-json\/wp\/v2\/types\/post"}],"author":[{"embeddable":true,"href":"https:\/\/blogs.dickinson.edu\/fr300automne18\/wp-json\/wp\/v2\/users\/3439"}],"replies":[{"embeddable":true,"href":"https:\/\/blogs.dickinson.edu\/fr300automne18\/wp-json\/wp\/v2\/comments?post=235"}],"version-history":[{"count":0,"href":"https:\/\/blogs.dickinson.edu\/fr300automne18\/wp-json\/wp\/v2\/posts\/235\/revisions"}],"wp:attachment":[{"href":"https:\/\/blogs.dickinson.edu\/fr300automne18\/wp-json\/wp\/v2\/media?parent=235"}],"wp:term":[{"taxonomy":"category","embeddable":true,"href":"https:\/\/blogs.dickinson.edu\/fr300automne18\/wp-json\/wp\/v2\/categories?post=235"},{"taxonomy":"post_tag","embeddable":true,"href":"https:\/\/blogs.dickinson.edu\/fr300automne18\/wp-json\/wp\/v2\/tags?post=235"}],"curies":[{"name":"wp","href":"https:\/\/api.w.org\/{rel}","templated":true}]}}