{"id":340,"date":"2018-10-09T00:05:00","date_gmt":"2018-10-08T22:05:00","guid":{"rendered":"http:\/\/blogs.dickinson.edu\/fr300automne18\/?p=340"},"modified":"2018-10-22T12:14:37","modified_gmt":"2018-10-22T10:14:37","slug":"lautonomie-de-lenfant-francais","status":"publish","type":"post","link":"https:\/\/blogs.dickinson.edu\/fr300automne18\/2018\/10\/09\/lautonomie-de-lenfant-francais\/","title":{"rendered":"L&#8217;autonomie de l&#8217;enfant fran\u00e7ais"},"content":{"rendered":"<p><img loading=\"lazy\" decoding=\"async\" class=\"alignnone size-medium wp-image-344\" src=\"http:\/\/blogs.dickinson.edu\/fr300automne18\/files\/2018\/10\/JEAN-BLOG4-225x300.jpg\" alt=\"\" width=\"225\" height=\"300\" srcset=\"https:\/\/blogs.dickinson.edu\/fr300automne18\/files\/2018\/10\/JEAN-BLOG4-225x300.jpg 225w, https:\/\/blogs.dickinson.edu\/fr300automne18\/files\/2018\/10\/JEAN-BLOG4.jpg 720w\" sizes=\"auto, (max-width: 225px) 100vw, 225px\" \/><\/p>\n<p>Description<\/p>\n<p>J\u2019ai pris cette photo le quatre Octobre \u00e0 16h quand je faisais du babysitting pour une famille fran\u00e7aise. Dans la famille il y a une m\u00e8re, un p\u00e8re, et trois gar\u00e7ons. Ils habitaient au Canada l\u2019ann\u00e9e dernier et les parents veulent que je parle avec leurs enfants en anglais. J\u2019ai pris cette photo quand le plus petit gar\u00e7on, Jean, et moi marchions chez lui apr\u00e8s l\u2019\u00e9cole. Chaque fois que je vais chercher Jean de l\u2019\u00e9cole, le manque de r\u00e8gles m\u2019\u00e9tonne. La chose la plus surprenante est que les \u00e9tudiants, qui ont sept ans, sortent l\u2019\u00e9cole et trouvent leurs parents tous seuls. Ils ne doivent pas v\u00e9rifier avec le prof qu\u2019ils sont avec leurs parents.<\/p>\n<p>Interpr\u00e9tation<\/p>\n<p>Je trouve deux explications possibles de l\u2019instance. J\u2019ai trouv\u00e9 que les enfants fran\u00e7ais sont plus ind\u00e9pendants que les enfants am\u00e9ricains. Par exemple Thomas, le grand fr\u00e8re de Jean qui a neuf ans, va \u00e0 l\u2019\u00e9cole tout seul par le bus et le m\u00e9tro. Le voyage est un exploit que je ne pense pas beaucoup d\u2019enfants am\u00e9ricains pourraient faire. Une autre explication de l\u2019instance, et de l\u2019autonomie des enfants fran\u00e7ais, est leur syst\u00e8me d\u2019\u00e9ducation. Comme les gens doivent d\u00e9cider ce qu\u2019ils veulent faire pour le reste de leurs vies avant le lyc\u00e9e, la culture fran\u00e7aise les voit comme adultes plus t\u00f4t. Je pense que les \u00e9coles primaires veulent commencer cette autonomie t\u00f4t.<\/p>\n<p>Evaluation<\/p>\n<p><span style=\"font-weight: 400\">Je ne pense pas que c\u2019est un mauvais chose mais cela m\u2019a fait r\u00e9fl\u00e9chir aux \u00c9tats- Unis et comment il y a beaucoup plus de r\u00e8gles et comment le manque de s\u00e9curit\u00e9 n\u2019existe pas chez moi. \u00c0 l\u2019\u00e9cole o\u00f9 ma m\u00e8re travail, les professeurs regardent comment chaque \u00e9tudiant monte leur voiture. Je ne pense pas que les m\u00eames sentiments de \u201cstranger danger\u201d existent en France. C\u2019est comme j\u2019ai fait un voyage dans le temps parce que l\u2019enfance de Jean, Thomas, et Louis (le plus grand) me rappelle de l\u2019enfance de ma m\u00e8re quand il n\u2019avait pas des soucis et les enfants \u00e9taient plus libres de faire ce qu\u2019ils veulent sans dire \u00e0 leurs parents. La m\u00e8re m\u2019a dit que c\u2019est normal que Thomas n\u2019est pas \u00e0 la maison parce qu\u2019il est toujours chez un voisin ou quelque chose comme \u00e7a. C\u2019est tr\u00e8s diff\u00e9rent qu\u2019aux \u00c9tats- Unis o\u00f9 les adultes savent toujours o\u00f9 sont leurs enfants. <\/span><\/p>\n","protected":false},"excerpt":{"rendered":"<p>Description J\u2019ai pris cette photo le quatre Octobre \u00e0 16h quand je faisais du babysitting pour une famille fran\u00e7aise. Dans la famille il y a une m\u00e8re, un p\u00e8re, et trois gar\u00e7ons. Ils habitaient au Canada l\u2019ann\u00e9e dernier et les parents veulent que je parle avec leurs enfants en anglais. J\u2019ai pris cette photo quand [&hellip;]<\/p>\n","protected":false},"author":3439,"featured_media":0,"comment_status":"open","ping_status":"open","sticky":false,"template":"","format":"standard","meta":{"footnotes":""},"categories":[153657],"tags":[],"class_list":["post-340","post","type-post","status-publish","format-standard","hentry","category-octobre"],"_links":{"self":[{"href":"https:\/\/blogs.dickinson.edu\/fr300automne18\/wp-json\/wp\/v2\/posts\/340","targetHints":{"allow":["GET"]}}],"collection":[{"href":"https:\/\/blogs.dickinson.edu\/fr300automne18\/wp-json\/wp\/v2\/posts"}],"about":[{"href":"https:\/\/blogs.dickinson.edu\/fr300automne18\/wp-json\/wp\/v2\/types\/post"}],"author":[{"embeddable":true,"href":"https:\/\/blogs.dickinson.edu\/fr300automne18\/wp-json\/wp\/v2\/users\/3439"}],"replies":[{"embeddable":true,"href":"https:\/\/blogs.dickinson.edu\/fr300automne18\/wp-json\/wp\/v2\/comments?post=340"}],"version-history":[{"count":0,"href":"https:\/\/blogs.dickinson.edu\/fr300automne18\/wp-json\/wp\/v2\/posts\/340\/revisions"}],"wp:attachment":[{"href":"https:\/\/blogs.dickinson.edu\/fr300automne18\/wp-json\/wp\/v2\/media?parent=340"}],"wp:term":[{"taxonomy":"category","embeddable":true,"href":"https:\/\/blogs.dickinson.edu\/fr300automne18\/wp-json\/wp\/v2\/categories?post=340"},{"taxonomy":"post_tag","embeddable":true,"href":"https:\/\/blogs.dickinson.edu\/fr300automne18\/wp-json\/wp\/v2\/tags?post=340"}],"curies":[{"name":"wp","href":"https:\/\/api.w.org\/{rel}","templated":true}]}}