{"id":357,"date":"2018-10-09T11:14:03","date_gmt":"2018-10-09T09:14:03","guid":{"rendered":"http:\/\/blogs.dickinson.edu\/fr300automne18\/?p=357"},"modified":"2018-10-15T10:51:43","modified_gmt":"2018-10-15T08:51:43","slug":"et-encore-de-greves","status":"publish","type":"post","link":"https:\/\/blogs.dickinson.edu\/fr300automne18\/2018\/10\/09\/et-encore-de-greves\/","title":{"rendered":"Et encore de gr\u00e8ves"},"content":{"rendered":"<p>&nbsp;<\/p>\n<p class=\"p1\"><span class=\"s1\">Je me sens oblig\u00e9 d&#8217;\u00e9crire davantage sur les gr\u00e8ves en France. Symboliquement, on est aujourd\u2019hui un jour de gr\u00e8ve et je sais que le sujet n\u2019a pas \u00e9t\u00e9 abord\u00e9 dans mon dernier article de blog (et ne sera pas abord\u00e9 dans celle-l\u00e0. Au cours de la semaine pass\u00e9e, j&#8217;ai pu parler \u00e0 plus de personnes \u00e0 ce sujet et accumuler plusieurs points de vue. Je ne connais toujours pas tout ce qu\u2019il y a \u00e0 savoir sur la culture de gr\u00e8ve en France et sur toutes ses connotations, mais j\u2019ai certainement \u00e9t\u00e9 \u00e9clair\u00e9<strong>)<\/strong><\/span><\/p>\n<p class=\"p1\"><span class=\"s1\">De toute \u00e9vidence, les diff\u00e9rentes populations font les manifestations diff\u00e9remment. Les \u00e9tudiants ont tendance \u00e0 s&#8217;identifier avec des groupes qui \u00abse l\u00e8vent\u00bb assez facilement. \u00c0 l&#8217;heure actuelle, il est assez \u00e9vident que la majorit\u00e9 des \u00e9tudiants dans les universit\u00e9s dont nous faisons partie sont de gauche, comme c&#8217;est le cas aux \u00c9tats-Unis \u00e9galement. Je me suis r\u00e9cemment entretenu lors d&#8217;un d\u00e9jeuner avec une amie \u00e0 moi qui fait ses \u00e9tudes sup\u00e9rieures en histoire de l&#8217;art \u00e0 Jean Jaur\u00e8s et je l&#8217;ai \u00e9cout\u00e9 me d\u00e9crire ce qui s&#8217;est pass\u00e9 dans son universit\u00e9 au cours de la derni\u00e8re ann\u00e9e. Elle m&#8217;a racont\u00e9 comment les \u00e9tudiants ont commenc\u00e9 par organiser des s\u00e9ances d\u2019\u00e9coute et des assembl\u00e9es pour que tout le monde se r\u00e9unisse et discute les objectifs, l\u2019orientation et des plans des manifestations ou les blocages. Elle m&#8217;a \u00e9galement racont\u00e9 comment ces assembl\u00e9es se sont dissip\u00e9es avec le temps en r\u00e9unions d\u00e9sordonn\u00e9es sans beaucoup de substance. Il n\u2019\u00e9tait pas longtemps avant que les \u00e9tudiants ont occup\u00e9 l\u2019universit\u00e9, ont bloqu\u00e9 ses entr\u00e9es et ont commenc\u00e9 \u00e0 d\u00e9truire ses biens mat\u00e9riels. Les d\u00e9g\u00e2ts repr\u00e9sentaient des sommes \u00e9normes allou\u00e9es aux \u00e9tablissements d\u2019enseignement.<\/span><\/p>\n<p class=\"p1\"><span class=\"s1\">En parlant \u00e0 une personne qui est un membre actif de leur communaut\u00e9 d\u2019un \u00e2ge un peu sup\u00e9rieur \u00e0 cinquante, on m&#8217;a parl\u00e9 d&#8217;un cas dans lequel les \u00e9tudiants ont emmen\u00e9 des familles de migrants avec des enfants dans l&#8217;universit\u00e9 pour emp\u00eacher que la police prenne des mesures contre les \u00e9tudiants. Lorsqu&#8217;il est devenu impossible de r\u00e9unir plus de personnes derri\u00e8re la logique de la gr\u00e8ve, les \u00e9tudiants devaient chercher autre chose. \u00abLib\u00e9rer Catalonia!\u00bb est devenu leur cri de ralliement et la gr\u00e8ve a continu\u00e9.<\/span><\/p>\n<p class=\"p1\"><span class=\"s1\">En parlant \u00e0 mon h\u00f4te \u00e0 ce sujet, je pouvais le sentir reconnaissant de la difficult\u00e9 de concilier l&#8217;acte d\u00e9mocratique &#8211; peut-\u00eatre une obligation -, et en m\u00eame temps l\u2019importance d&#8217;\u00e9viter de se trouver partie d\u2019un mouvement sans conviction. Les gens reconnaissent les nombreuses fa\u00e7ons dont les gr\u00e8ves peuvent \u00eatre utilis\u00e9es pour masquer des d\u00e9sirs moins nobles. En effet, un professeur qui m&#8217;a parl\u00e9 des gr\u00e8ves m&#8217;a dit qu&#8217;il y avait des jours moins co\u00fbteux pour faire la gr\u00e8ve et des jours plus co\u00fbteux pour y faire. Pour ceux qui touchent une somme d&#8217;argent \u00e9gale par jour, une journ\u00e9e pass\u00e9e \u00e0 faire gr\u00e8ve pendant laquelle la personne ne doit travailler que quelques heures peuvent ne pas valoir autant qu&#8217;un jour o\u00f9 elle est cens\u00e9e travailler de nombreuses heures. Ce sont des calculs qui ont un poids diff\u00e9rent pour chaque personne.<\/span><\/p>\n<p class=\"p1\"><span class=\"s1\">Les gens reconnaissent que la gr\u00e8ve peut souvent faire partie de l\u2019identit\u00e9 de la population ici, m\u00eame si plusieurs personnes ont soulign\u00e9 que, comme je l\u2019ai mentionn\u00e9 la semaine derni\u00e8re, l\u2019analyse des donn\u00e9es montre que l\u2019Allemagne est meilleure que la France sur le sujet de gr\u00e8ve, au moins en mati\u00e8re d\u2019efficacit\u00e9. Diff\u00e9rentes personnes parlent de gr\u00e8ves en diff\u00e9rentes mani\u00e8res. J&#8217;ai remarqu\u00e9 que les gens pouvaient utiliser des commentaires auto-d\u00e9gradants pour se moquer de la fa\u00e7on dont certains pourraient consid\u00e9rer les gr\u00e9vistes comme des fain\u00e9ants et des opportunistes. Pour ceux qui travaillent, les gr\u00e8ves sont tr\u00e8s diff\u00e9rentes de celles des \u00e9tudiants. Il y a sans doute plus des enjeux et, selon ceux qui travaillent eux-m\u00eames, ils sont plus souvent fond\u00e9s sur un r\u00e9el engagement vis-\u00e0-vis de l\u2019enjeu.<\/span><\/p>\n<p class=\"p1\"><span class=\"s1\">Les gr\u00e8ves en France pourraient ne pas \u00eatre aussi efficace que dans d&#8217;autres endroits. Mais ils constituent un acte politique, social et culturel. Et il est \u00e9vident qu&#8217;ils font partie du tissu de la soci\u00e9t\u00e9 fran\u00e7aise. La gr\u00e8ve tombe, a certains \u00e9gards, dans la d\u00e9finition d&#8217;un acte culturel &#8211; parce qu&#8217;elle est simultan\u00e9ment une activit\u00e9 ayant un objectif politique sp\u00e9cifique en t\u00eate et une occasion historiquement disponible de se m\u00ealer \u00e0 des personnes partageant les m\u00eames id\u00e9es et de permettre \u00e0 l&#8217;uniformit\u00e9 des id\u00e9es d\u2019unir et de faire avancer les gens vers leurs objectifs et convictions. <\/span><\/p>\n<p>&nbsp;<\/p>\n<p><strong>Note final : 16<\/strong><\/p>\n","protected":false},"excerpt":{"rendered":"<p>&nbsp; Je me sens oblig\u00e9 d&#8217;\u00e9crire davantage sur les gr\u00e8ves en France. Symboliquement, on est aujourd\u2019hui un jour de gr\u00e8ve et je sais que le sujet n\u2019a pas \u00e9t\u00e9 abord\u00e9 dans mon dernier article de blog (et ne sera pas abord\u00e9 dans celle-l\u00e0. Au cours de la semaine pass\u00e9e, j&#8217;ai pu parler \u00e0 plus de [&hellip;]<\/p>\n","protected":false},"author":3178,"featured_media":0,"comment_status":"open","ping_status":"open","sticky":false,"template":"","format":"standard","meta":{"footnotes":""},"categories":[153657],"tags":[],"class_list":["post-357","post","type-post","status-publish","format-standard","hentry","category-octobre"],"_links":{"self":[{"href":"https:\/\/blogs.dickinson.edu\/fr300automne18\/wp-json\/wp\/v2\/posts\/357","targetHints":{"allow":["GET"]}}],"collection":[{"href":"https:\/\/blogs.dickinson.edu\/fr300automne18\/wp-json\/wp\/v2\/posts"}],"about":[{"href":"https:\/\/blogs.dickinson.edu\/fr300automne18\/wp-json\/wp\/v2\/types\/post"}],"author":[{"embeddable":true,"href":"https:\/\/blogs.dickinson.edu\/fr300automne18\/wp-json\/wp\/v2\/users\/3178"}],"replies":[{"embeddable":true,"href":"https:\/\/blogs.dickinson.edu\/fr300automne18\/wp-json\/wp\/v2\/comments?post=357"}],"version-history":[{"count":0,"href":"https:\/\/blogs.dickinson.edu\/fr300automne18\/wp-json\/wp\/v2\/posts\/357\/revisions"}],"wp:attachment":[{"href":"https:\/\/blogs.dickinson.edu\/fr300automne18\/wp-json\/wp\/v2\/media?parent=357"}],"wp:term":[{"taxonomy":"category","embeddable":true,"href":"https:\/\/blogs.dickinson.edu\/fr300automne18\/wp-json\/wp\/v2\/categories?post=357"},{"taxonomy":"post_tag","embeddable":true,"href":"https:\/\/blogs.dickinson.edu\/fr300automne18\/wp-json\/wp\/v2\/tags?post=357"}],"curies":[{"name":"wp","href":"https:\/\/api.w.org\/{rel}","templated":true}]}}