{"id":445,"date":"2018-11-13T11:27:31","date_gmt":"2018-11-13T10:27:31","guid":{"rendered":"http:\/\/blogs.dickinson.edu\/fr300automne18\/?p=445"},"modified":"2018-11-19T21:30:16","modified_gmt":"2018-11-19T20:30:16","slug":"la-mode-et-la-stigmatisation","status":"publish","type":"post","link":"https:\/\/blogs.dickinson.edu\/fr300automne18\/2018\/11\/13\/la-mode-et-la-stigmatisation\/","title":{"rendered":"La mode et la stigmatisation"},"content":{"rendered":"<p><b><img loading=\"lazy\" decoding=\"async\" class=\"alignnone size-medium wp-image-487\" src=\"http:\/\/blogs.dickinson.edu\/fr300automne18\/files\/2018\/11\/Earrrings-300x249.jpg\" alt=\"\" width=\"300\" height=\"249\" srcset=\"https:\/\/blogs.dickinson.edu\/fr300automne18\/files\/2018\/11\/Earrrings-300x249.jpg 300w, https:\/\/blogs.dickinson.edu\/fr300automne18\/files\/2018\/11\/Earrrings-768x637.jpg 768w, https:\/\/blogs.dickinson.edu\/fr300automne18\/files\/2018\/11\/Earrrings-1024x850.jpg 1024w, https:\/\/blogs.dickinson.edu\/fr300automne18\/files\/2018\/11\/Earrrings.jpg 1035w\" sizes=\"auto, (max-width: 300px) 100vw, 300px\" \/><\/b><\/p>\n<p><b>Description<\/b><\/p>\n<p><span style=\"font-weight: 400\">Un jeune homme choisit la bonne \u00e9charpe pour sa tenue ce jour-l\u00e0. Une femme d&#8217;affaires serre la main de sa cliente, ses grosses boucles d&#8217;oreilles se balan\u00e7ant d&#8217;un c\u00f4t\u00e9 \u00e0 l&#8217;autre. Un p\u00e8re choisit parmi ses baskets avant d\u2019emmener ses enfants au parc. Ce sont trois exemples de tenues qui m&#8217;ont surpris lorsque je suis arriv\u00e9 en France. \u00c0 l\u2019origine, j\u2019ai \u00e9tudi\u00e9 les v\u00eatements des Fran\u00e7ais que j\u2019ai vus dans la rue pour comprendre comment ils avaient acquis leur r\u00e9putation \u00e0 la mode, mais j\u2019ai plut\u00f4t appris \u00e0 mieux comprendre l\u2019influence de la culture sur l\u2019interpr\u00e9tation des v\u00eatements. Ces trois exemples m&#8217;ont marqu\u00e9 parce qu&#8217;ils indiquaient \u00e0 quel point les cultures<strong>,<\/strong>\u00a0fran\u00e7aise et am\u00e9ricaine, sont diff\u00e9rentes. <\/span><\/p>\n<p><b>Interpretation<\/b><\/p>\n<p><span style=\"font-weight: 400\">Cela semble dr\u00f4le maintenant, mais certains choix de mode m&#8217;ont vraiment choqu\u00e9 quand je suis arriv\u00e9 et cela m&#8217;a oblig\u00e9 \u00e0 examiner les st\u00e9r\u00e9otypes que j&#8217;associe \u00e0 certains types de v\u00eatements. Si un homme am\u00e9ricain pense autant \u00e0 son apparence et \u00e0 ses v\u00eatements qu&#8217;un Fran\u00e7ais, il pourrait \u00eatre per\u00e7u comme eff\u00e9min\u00e9 (consid\u00e9r\u00e9 comme une qualit\u00e9 n\u00e9gative dans une culture domin\u00e9e par la masculinit\u00e9 h\u00e9g\u00e9monique). De plus, les femmes am\u00e9ricaines ne porteraient presque jamais de grandes boucles d&#8217;oreilles dans un cadre professionnel, car aux \u00c9tats-Unis, ce<strong>tte<\/strong> type de<strong>s<\/strong> boucles d&#8217;oreilles est consid\u00e9r\u00e9e comme un marqueur de classe inf\u00e9rieure. De toute \u00e9vidence, il existe des diff\u00e9rences entre les fa\u00e7ons dont la population fran\u00e7aise et la population am\u00e9ricaine interpr\u00e8tent les m\u00eames v\u00eatements. Peut-\u00eatre que prendre soin de votre apparence n&#8217;est pas consid\u00e9r\u00e9 comme eff\u00e9min\u00e9 en France &#8211; ou peut-\u00eatre qu&#8217;il y a moins de stigmatisation contre les hommes eff\u00e9min\u00e9s. Et si les grandes boucles d&#8217;oreilles ne sont pas des indicateurs du statut de classe inf\u00e9rieure en France, il est possible que d&#8217;autres v\u00eatements refl\u00e8tent des st\u00e9r\u00e9otypes similaires.<\/span><\/p>\n<p><b>Evaluation<\/b><\/p>\n<p><strong>Attention; ceci est la partie de l&#8217;interpr\u00e9tation, pas l&#8217;\u00e9valuation<\/strong><\/p>\n<p><span style=\"font-weight: 400\">J&#8217;ai demand\u00e9 \u00e0 quelques amis fran\u00e7ais \u00e0 Toulouse de donner leur avis \u00e0 ce sujet. Les deux ont confirm\u00e9 qu&#8217;il n&#8217;y avait pas de stigmatisation contre les hommes qui s&#8217;habillent bien parce que les hommes et les femmes sont encourag\u00e9s \u00e0 prendre soin de leur apparence dans la culture fran\u00e7aise. Une amie a dit qu&#8217;elle pensait que les grandes boucles d&#8217;oreilles pourraient \u00eatre associ\u00e9es \u00e0 la classe populaire, mais qu&#8217;elles sont tr\u00e8s \u00e0 la mode maintenant et que les femmes de tous les milieux semblaient les porter ind\u00e9pendamment de la stigmatisation potentielle. L\u2019autre amie a mentionn\u00e9 que certains articles vestimentaires pour femmes, tels que les faux bijoux, le tissu\u00a0imprim\u00e9 l\u00e9opard et les coiffures exag\u00e9r\u00e9es, sont associ\u00e9s \u00e0 la classe inf\u00e9rieure. Dans le sud de la France, les femmes qui s\u2019habillent de la sorte sont appel\u00e9es \u00abcagoles\u00bb et ont une connotation n\u00e9gative. Evidemment,la discrimination par classe sociale\u00a0est universel quelle que soit sa forme.\u00a0<\/span><\/p>\n<p><strong>Note avant la correction : 14<\/strong><\/p>\n","protected":false},"excerpt":{"rendered":"<p>Description Un jeune homme choisit la bonne \u00e9charpe pour sa tenue ce jour-l\u00e0. Une femme d&#8217;affaires serre la main de sa cliente, ses grosses boucles d&#8217;oreilles se balan\u00e7ant d&#8217;un c\u00f4t\u00e9 \u00e0 l&#8217;autre. Un p\u00e8re choisit parmi ses baskets avant d\u2019emmener ses enfants au parc. Ce sont trois exemples de tenues qui m&#8217;ont surpris lorsque je [&hellip;]<\/p>\n","protected":false},"author":3195,"featured_media":0,"comment_status":"open","ping_status":"open","sticky":false,"template":"","format":"standard","meta":{"footnotes":""},"categories":[153659],"tags":[],"class_list":["post-445","post","type-post","status-publish","format-standard","hentry","category-novembre"],"_links":{"self":[{"href":"https:\/\/blogs.dickinson.edu\/fr300automne18\/wp-json\/wp\/v2\/posts\/445","targetHints":{"allow":["GET"]}}],"collection":[{"href":"https:\/\/blogs.dickinson.edu\/fr300automne18\/wp-json\/wp\/v2\/posts"}],"about":[{"href":"https:\/\/blogs.dickinson.edu\/fr300automne18\/wp-json\/wp\/v2\/types\/post"}],"author":[{"embeddable":true,"href":"https:\/\/blogs.dickinson.edu\/fr300automne18\/wp-json\/wp\/v2\/users\/3195"}],"replies":[{"embeddable":true,"href":"https:\/\/blogs.dickinson.edu\/fr300automne18\/wp-json\/wp\/v2\/comments?post=445"}],"version-history":[{"count":0,"href":"https:\/\/blogs.dickinson.edu\/fr300automne18\/wp-json\/wp\/v2\/posts\/445\/revisions"}],"wp:attachment":[{"href":"https:\/\/blogs.dickinson.edu\/fr300automne18\/wp-json\/wp\/v2\/media?parent=445"}],"wp:term":[{"taxonomy":"category","embeddable":true,"href":"https:\/\/blogs.dickinson.edu\/fr300automne18\/wp-json\/wp\/v2\/categories?post=445"},{"taxonomy":"post_tag","embeddable":true,"href":"https:\/\/blogs.dickinson.edu\/fr300automne18\/wp-json\/wp\/v2\/tags?post=445"}],"curies":[{"name":"wp","href":"https:\/\/api.w.org\/{rel}","templated":true}]}}