{"id":485,"date":"2018-11-13T11:12:28","date_gmt":"2018-11-13T10:12:28","guid":{"rendered":"http:\/\/blogs.dickinson.edu\/fr300automne18\/?p=485"},"modified":"2018-11-25T16:24:46","modified_gmt":"2018-11-25T15:24:46","slug":"letat-et-lindividualisme","status":"publish","type":"post","link":"https:\/\/blogs.dickinson.edu\/fr300automne18\/2018\/11\/13\/letat-et-lindividualisme\/","title":{"rendered":"L&#8217;Etat et l&#8217;individualisme"},"content":{"rendered":"<p class=\"p1\"><span class=\"s1\"><img loading=\"lazy\" decoding=\"async\" class=\"aligncenter wp-image-615\" src=\"http:\/\/blogs.dickinson.edu\/fr300automne18\/files\/2018\/11\/image.jpg\" alt=\"\" width=\"500\" height=\"600\" srcset=\"https:\/\/blogs.dickinson.edu\/fr300automne18\/files\/2018\/11\/image.jpg 760w, https:\/\/blogs.dickinson.edu\/fr300automne18\/files\/2018\/11\/image-250x300.jpg 250w\" sizes=\"auto, (max-width: 500px) 100vw, 500px\" \/><\/span><\/p>\n<p>[Description photo: Je voulais mettre une photo qui montre la m\u00e9fiance exag\u00e9r\u00e9 des Am\u00e9ricains \u00e0 l\u2019\u00e9gard des politiques \u00e0 tendance socialiste, mais j\u2019ai trouv\u00e9 cette jolie photo.]<\/p>\n<p class=\"p1\"><span class=\"s1\">Je parlais r\u00e9cemment avec une \u00e9tudiante \u00e0 Sciences Po quand elle m\u2019a cit\u00e9 une \u00e9tude dont les r\u00e9ponses montraient que la majorit\u00e9 des Am\u00e9ricains pensait que la libert\u00e9 de pouvoir atteindre ces objectifs individuels sans interf\u00e9rence \u00e9tatique est plus pr\u00e9f\u00e9r\u00e9 qu\u2019un \u00e9tat qui se met en charge de personnes en besoin. Cela ne m\u2019a surement pas \u00e9tonn\u00e9, connaissant la m\u00e9fiance que tellement beaucoup des Am\u00e9ricains ont en ce qui concerne un \u00e9tat pr\u00e9sent dans la vie des gens. Mais elle voulait aussi me montrer l\u2019individualisme qui r\u00e8gne la soci\u00e9t\u00e9 am\u00e9ricaine comme une\u00a0valeur qui se cache derri\u00e8re les d\u00e9cisions politiques et sociales dans le pays. Bien sur que c\u2019est ridicule de dire que les Am\u00e9ricains sont des individualistes et le Fran\u00e7ais sont des collectivistes. Les deux soci\u00e9t\u00e9s sont, en prenant du recul, des soci\u00e9t\u00e9s capitalistes o\u00f9 l\u2019individualisme est, apr\u00e8s tout, la belle \u00e9nergie nourrissante de la vie. J\u2019\u00e9cris ce que j\u2019\u00e9cris ici \u00e9videmment en faisant des g\u00e9n\u00e9ralisations et de grosses simplifications, mais quand m\u00eame en observant des tendances chez les deux peuples diff\u00e9rents. Je me tiens en distance comme citoyen d&#8217;un troisi\u00e8me pays, qui, m\u00eame avec des politiques sociales plut\u00f4t similaires \u00e0 la France, a une conscience nationale plut\u00f4t m\u00e9fiante.\u00a0<\/span><\/p>\n<p class=\"p1\"><span class=\"s1\">En parlant avec des gens plus \u00e2g\u00e9s que moi ces derni\u00e8res semaines \u2014 soit mes h\u00f4tes, soit les gens avec lesquelles je travaille \u00e0 Amnesty, soit des invit\u00e9s qui viennent \u00e0 la maison \u2014 je remarque les attentes que les Fran\u00e7ais ont de leur \u00e9tat. Ce n\u2019est pas que je crois qu\u2019elles ne sont pas justifi\u00e9es, mais seulement qu\u2019avec ces attentes les Fran\u00e7ais sont pr\u00eats \u00e0 avoir la pr\u00e9sence de l\u2019\u00e9tat dans tous les coins de leur vie \u2014 quelque chose qui pourrait \u00eatre presque choquant aux \u00c9tats-Unis. Tr\u00e8s souvent, les Fran\u00e7ais parlent avec choc \u00e0 propos de cas ou l\u2019\u00c9tat n\u2019est pas suffisamment intervenu pour aider un groupe social. Aux \u00c9tats-Unis, on parle beaucoup des injustices sociales mais l\u2019intervention de l&#8217;\u00c9tat n\u2019est pas toujours la solutions \u00e9vidente ou la solution popularis\u00e9e par le discours autour de ces sujets. En France, en revanche, l\u2019\u00c9tat est attendu d\u2019\u00eatre la solution lui-m\u00eame. <\/span><\/p>\n<p class=\"p1\"><span class=\"s1\">Plusieurs fois, mes h\u00f4tes et leurs coll\u00e8gues ont fait la gr\u00e8ve \u00e0 Toulouse. Chaque fois, ils \u00e9taient motiv\u00e9 par ce choc d\u2019un \u00e9tat qui ne fait pas son travail. Ils sortent pour demander que l\u2019\u00c9tat prend meilleur soin d\u2019eux. Un tel concept est mal vu par beaucoup de gens aux \u00c9tats-Unis \u2014 c\u2019est une question partisane. En France, c\u2019est la norme et ce n\u2019est pas stigmatis\u00e9. En parlant avec des militants \u00e9tudiants pendant une marche sur le climat et une autre marche du dernier week-end sur la violence incit\u00e9e par la LGBTQ-phobie, je me trouve chaque fois avec des plaintes \u00e0 l\u2019\u00e9tat plus que la soci\u00e9t\u00e9 elle-m\u00eame. Bien sur que les protestations\u00a0et les marches sont des manifestations qui s\u2019adressent sp\u00e9cifiquement aux pouvoirs \u00e9tatiques \u2014 donc les plaintes sont \u00e9videmment destin\u00e9es \u00e0 l\u2019\u00e9tat \u2014 mais l\u2019attitude des Fran\u00e7ais est surement distincte en comparaison avec les USA. <\/span><\/p>\n<p class=\"p1\"><span class=\"s1\">\u201cPull yourself up by your bootstraps\u201d est la fa\u00e7on classique de stigmatiser un appel \u00e0 l\u2019aide de l\u2019\u00c9tat aux USA. Vous \u00eates pauvre? Vous \u00eates discrimin\u00e9? Vous \u00eates malades? Ben, ce n\u2019est pas l\u2019\u00e9tat qui s\u2019occupe de vous. Vous \u00eates un individu avec des pouvoirs et une volont\u00e9 individuelle et vous d\u00e9pendez de vous-m\u00eame. <\/span><\/p>\n<p class=\"p1\"><span class=\"s1\">Un minist\u00e8re de sport qui finance et encourage la participation dans des courses organis\u00e9es en ville? Des entreprises oblig\u00e9es de convoquer leurs employ\u00e9s \u00e0 des visites m\u00e9dicales pour s\u2019assurer que les conditions de travail\u00a0sont bonnes? De transport public qui \u00e9tend la ville jusqu\u2019\u00e0 3h les fins de la semaine en 10 euros par mois pour les \u00e9tudiants? C\u2019est le communisme! dit un Am\u00e9ricain et un Fran\u00e7ais se met \u00e0 rire.<\/span><\/p>\n<p>&nbsp;<\/p>\n<p>Pas de photo?<\/p>\n<p>Note avant la correction ; 14<\/p>\n","protected":false},"excerpt":{"rendered":"<p>[Description photo: Je voulais mettre une photo qui montre la m\u00e9fiance exag\u00e9r\u00e9 des Am\u00e9ricains \u00e0 l\u2019\u00e9gard des politiques \u00e0 tendance socialiste, mais j\u2019ai trouv\u00e9 cette jolie photo.] Je parlais r\u00e9cemment avec une \u00e9tudiante \u00e0 Sciences Po quand elle m\u2019a cit\u00e9 une \u00e9tude dont les r\u00e9ponses montraient que la majorit\u00e9 des Am\u00e9ricains pensait que la libert\u00e9 [&hellip;]<\/p>\n","protected":false},"author":3178,"featured_media":0,"comment_status":"open","ping_status":"open","sticky":false,"template":"","format":"standard","meta":{"footnotes":""},"categories":[153659],"tags":[],"class_list":["post-485","post","type-post","status-publish","format-standard","hentry","category-novembre"],"_links":{"self":[{"href":"https:\/\/blogs.dickinson.edu\/fr300automne18\/wp-json\/wp\/v2\/posts\/485","targetHints":{"allow":["GET"]}}],"collection":[{"href":"https:\/\/blogs.dickinson.edu\/fr300automne18\/wp-json\/wp\/v2\/posts"}],"about":[{"href":"https:\/\/blogs.dickinson.edu\/fr300automne18\/wp-json\/wp\/v2\/types\/post"}],"author":[{"embeddable":true,"href":"https:\/\/blogs.dickinson.edu\/fr300automne18\/wp-json\/wp\/v2\/users\/3178"}],"replies":[{"embeddable":true,"href":"https:\/\/blogs.dickinson.edu\/fr300automne18\/wp-json\/wp\/v2\/comments?post=485"}],"version-history":[{"count":0,"href":"https:\/\/blogs.dickinson.edu\/fr300automne18\/wp-json\/wp\/v2\/posts\/485\/revisions"}],"wp:attachment":[{"href":"https:\/\/blogs.dickinson.edu\/fr300automne18\/wp-json\/wp\/v2\/media?parent=485"}],"wp:term":[{"taxonomy":"category","embeddable":true,"href":"https:\/\/blogs.dickinson.edu\/fr300automne18\/wp-json\/wp\/v2\/categories?post=485"},{"taxonomy":"post_tag","embeddable":true,"href":"https:\/\/blogs.dickinson.edu\/fr300automne18\/wp-json\/wp\/v2\/tags?post=485"}],"curies":[{"name":"wp","href":"https:\/\/api.w.org\/{rel}","templated":true}]}}