{"id":534,"date":"2018-11-20T13:08:01","date_gmt":"2018-11-20T12:08:01","guid":{"rendered":"http:\/\/blogs.dickinson.edu\/fr300automne18\/?p=534"},"modified":"2018-11-22T16:26:11","modified_gmt":"2018-11-22T15:26:11","slug":"culottees-des-femmes-qui-ne-font-que-ce-quelles-veulent","status":"publish","type":"post","link":"https:\/\/blogs.dickinson.edu\/fr300automne18\/2018\/11\/20\/culottees-des-femmes-qui-ne-font-que-ce-quelles-veulent\/","title":{"rendered":"&#8220;Culott\u00e9es: Des femmes qui ne font que ce qu&#8217;elles veulent&#8221;"},"content":{"rendered":"<p><img loading=\"lazy\" decoding=\"async\" class=\"\" src=\"http:\/\/www.ouest-france.fr\/sites\/default\/files\/styles\/image-640\/public\/2016\/10\/23\/bd-les-culottees-des-femmes-qui-ne-font-que-ce-qu-elles-veulent_1.jpg?itok=Vr2ry6tt\" alt=\"Image result for penelope bagieu annette kellerman sirene\" width=\"251\" height=\"307\" \/><\/p>\n<p><span style=\"font-weight: 400\">J&#8217;ai lu la BD de P\u00e9n\u00e9lope Bagieu &#8220;Culott\u00e9es: Des femmes qui ne font que ce qu&#8217;elles veulent et j&#8217;ai choisi &#8221; qui est compos\u00e9 des peti<strong>ts<\/strong> histoires de<strong>s<\/strong> femmes c\u00e9l\u00e8bres de partout dans le monde. J\u2019ai choisi l\u2019histoire d\u2019une femme australienne qui s\u2019appelait Annette Kellerman, la \u201csir\u00e8ne\u201d. <\/span><\/p>\n<p><span style=\"font-weight: 400\">La BD raconte l\u2019histoire de la vie d\u2019Annette, commen\u00e7ant en le 6 juillet 1886, et comment elle a attrap\u00e9 la polio quand elle \u00e9tait petite et comment un m\u00e9decin conseille de la mettre \u00e0 la natation pour stimuler ses muscles. Ce conseil a lanc\u00e9 la carri\u00e8re de la natation \u00e0 la dimension spectaculaire. Elle appara\u00eet dans beaucoup des film<strong>es<\/strong> et aussi a r\u00e9volutionn\u00e9 les maillots, qui \u00e0 l&#8217;\u00e9poque \u00e9taient lourds et inconfortables. Les nouvelles maillots s\u2019appelaient les \u201cKellerman\u2019s\u201d. Tout au long de sa carri\u00e8re elle a aid\u00e9 les femmes \u00e0 lib\u00e9rer leur corps. <\/span><\/p>\n<p><span style=\"font-weight: 400\">J\u2019ai choisi cette histoire parce que j\u2019adore la natation aussi et j\u2019aime beaucoup le f\u00e9minisme. Ce livre est f\u00e9ministe et j&#8217;\u00e9tais vraiment \u00e9tonn\u00e9e parce que dans mon exp\u00e9rience en France, j\u2019ai trouv\u00e9 que le f\u00e9minisme est beaucoup moins r\u00e9pandu qu\u2019aux Etats- Unis. Je trouve que beaucoup des femmes en France ont honte de dire qu\u2019elles sont des f\u00e9ministes. Elles l\u2019associent avec les id\u00e9es radicaux qui mettent les femmes dans une position super<strong>ior<\/strong> des hommes. En r\u00e9alit\u00e9, les f\u00e9ministes veulent seulement que les femmes so<strong>nt<\/strong> \u00e9ga<strong>ux<\/strong> avec les hommes. <\/span><\/p>\n<p><span style=\"font-weight: 400\">J\u2019ai pens\u00e9 que ce livre et cette histoire ont mon<strong>t\u00e9<\/strong> cette id<strong>e<\/strong>al tr\u00e8s bien. Il n\u2019y a pas beaucoup de<strong>s<\/strong> livres qui sont \u00e9crits seulement sur l&#8217;histoire des femmes. Il y a plein de<strong>s<\/strong> livres \u00e9crits sur les histoires des hommes. Donc, je pense que le livre <strong>ont<\/strong> introdui<strong>re<\/strong> les id\u00e9aux f\u00e9ministes tr\u00e8s bien dans une mani\u00e8re espi\u00e8gle avec des dialogues et dessins dr\u00f4les pour retirer la gravit\u00e9 qui les gens associent avec le f\u00e9minisme. <\/span><\/p>\n<p><strong>Note finale : 15 Bon retour sur les perspectives dites &#8220;feministes&#8221; en France et aux Etats Unis.<\/strong><\/p>\n","protected":false},"excerpt":{"rendered":"<p>J&#8217;ai lu la BD de P\u00e9n\u00e9lope Bagieu &#8220;Culott\u00e9es: Des femmes qui ne font que ce qu&#8217;elles veulent et j&#8217;ai choisi &#8221; qui est compos\u00e9 des petits histoires des femmes c\u00e9l\u00e8bres de partout dans le monde. J\u2019ai choisi l\u2019histoire d\u2019une femme australienne qui s\u2019appelait Annette Kellerman, la \u201csir\u00e8ne\u201d. La BD raconte l\u2019histoire de la vie d\u2019Annette, [&hellip;]<\/p>\n","protected":false},"author":3439,"featured_media":0,"comment_status":"open","ping_status":"open","sticky":false,"template":"","format":"standard","meta":{"footnotes":""},"categories":[153663],"tags":[],"class_list":["post-534","post","type-post","status-publish","format-standard","hentry","category-bd"],"_links":{"self":[{"href":"https:\/\/blogs.dickinson.edu\/fr300automne18\/wp-json\/wp\/v2\/posts\/534","targetHints":{"allow":["GET"]}}],"collection":[{"href":"https:\/\/blogs.dickinson.edu\/fr300automne18\/wp-json\/wp\/v2\/posts"}],"about":[{"href":"https:\/\/blogs.dickinson.edu\/fr300automne18\/wp-json\/wp\/v2\/types\/post"}],"author":[{"embeddable":true,"href":"https:\/\/blogs.dickinson.edu\/fr300automne18\/wp-json\/wp\/v2\/users\/3439"}],"replies":[{"embeddable":true,"href":"https:\/\/blogs.dickinson.edu\/fr300automne18\/wp-json\/wp\/v2\/comments?post=534"}],"version-history":[{"count":0,"href":"https:\/\/blogs.dickinson.edu\/fr300automne18\/wp-json\/wp\/v2\/posts\/534\/revisions"}],"wp:attachment":[{"href":"https:\/\/blogs.dickinson.edu\/fr300automne18\/wp-json\/wp\/v2\/media?parent=534"}],"wp:term":[{"taxonomy":"category","embeddable":true,"href":"https:\/\/blogs.dickinson.edu\/fr300automne18\/wp-json\/wp\/v2\/categories?post=534"},{"taxonomy":"post_tag","embeddable":true,"href":"https:\/\/blogs.dickinson.edu\/fr300automne18\/wp-json\/wp\/v2\/tags?post=534"}],"curies":[{"name":"wp","href":"https:\/\/api.w.org\/{rel}","templated":true}]}}