{"id":556,"date":"2018-11-20T12:57:41","date_gmt":"2018-11-20T11:57:41","guid":{"rendered":"http:\/\/blogs.dickinson.edu\/fr300automne18\/?p=556"},"modified":"2018-11-23T11:00:52","modified_gmt":"2018-11-23T10:00:52","slug":"556","status":"publish","type":"post","link":"https:\/\/blogs.dickinson.edu\/fr300automne18\/2018\/11\/20\/556\/","title":{"rendered":"L&#8217;histoire de la France en BD"},"content":{"rendered":"<p><img loading=\"lazy\" decoding=\"async\" class=\"alignnone wp-image-557 size-medium\" src=\"http:\/\/blogs.dickinson.edu\/fr300automne18\/files\/2018\/11\/20181120_124030-e1542715044616-225x300.jpg\" alt=\"\" width=\"225\" height=\"300\" srcset=\"https:\/\/blogs.dickinson.edu\/fr300automne18\/files\/2018\/11\/20181120_124030-e1542715044616-225x300.jpg 225w, https:\/\/blogs.dickinson.edu\/fr300automne18\/files\/2018\/11\/20181120_124030-e1542715044616-768x1024.jpg 768w, https:\/\/blogs.dickinson.edu\/fr300automne18\/files\/2018\/11\/20181120_124030-e1542715044616.jpg 1932w\" sizes=\"auto, (max-width: 225px) 100vw, 225px\" \/><\/p>\n<p>J&#8217;ai lu une BD qui s&#8217;appelle \u00ab L\u2019Histoire de la France : L&#8217;int\u00e9grale \u00bb qui m&#8217;int\u00e9ressait beaucoup. Il me semblait se fixer\u00a0un objectif d&#8217;apprentissage pour les petits enfants. Au d\u00e9but, on trouve un sommaire de toutes les \u00e9poques couvertes dans le contenu du livre, en commen\u00e7ant avec la pr\u00e9histoire jusqu&#8217;au XXe\u00a0si\u00e8cle. Comme quelqu&#8217;un qui adore l&#8217;histoire, je la trouve tr\u00e8s sympa et engageante. J&#8217;ai l&#8217;impression que l&#8217;auteur veut faire vivre les personnages de l&#8217;histoire en introduisant les motifs et les th\u00e8mes en gros tandis qu&#8217;il peint les images simples et belles. Maintenant, dans mon cours de l\u2019Histoire Ancienne, je peux identifier la chronologie de la pr\u00e9histoire pr\u00e9sent\u00e9e dans cette BD,\u00a0ce qui apparait ici plus vivante avec les images ou les blagues. La petite fille et le petit gar\u00e7on qui t\u00e9moignent leur grand-p\u00e8re des histoires symbolisent les petits enfants qui vont la lire, alors cette BD se situe dans une position tr\u00e8s puissante par rapport aux lecteurs. En effet, elle pr\u00e9sente un point de vue sp\u00e9cifique de l&#8217;histoire qui peut se manifester dans la fiert\u00e9 nationale. \u00c0 mon avis, l&#8217;apprentissage de l\u2019histoire de la France est subjectif\u00a0; il faut faire attention \u00e0 la pr\u00e9sentation et \u00e0 la mani\u00e8re de penser qu&#8217;on pr\u00e9sente, surtout pour les enfants. En tout cas, cette BD est captivante et elle rend le lecteur au pass\u00e9, ce qui peut passionner les petits enfants \u00e0 l&#8217;avenir et peut-\u00eatre mener \u00e0 une discussion plus forte de la France et son histoire.<\/p>\n<p>&nbsp;<\/p>\n<p><strong>Note finale : 16, Bonne remarque sur l&#8217;importance du positionnement de l&#8217;auteur vis \u00e0 vis d&#8217;une histoire nationale et patriotique.<\/strong><\/p>\n","protected":false},"excerpt":{"rendered":"<p>J&#8217;ai lu une BD qui s&#8217;appelle \u00ab L\u2019Histoire de la France : L&#8217;int\u00e9grale \u00bb qui m&#8217;int\u00e9ressait beaucoup. Il me semblait se fixer\u00a0un objectif d&#8217;apprentissage pour les petits enfants. Au d\u00e9but, on trouve un sommaire de toutes les \u00e9poques couvertes dans le contenu du livre, en commen\u00e7ant avec la pr\u00e9histoire jusqu&#8217;au XXe\u00a0si\u00e8cle. Comme quelqu&#8217;un qui adore [&hellip;]<\/p>\n","protected":false},"author":3871,"featured_media":0,"comment_status":"open","ping_status":"open","sticky":false,"template":"","format":"standard","meta":{"footnotes":""},"categories":[153663],"tags":[],"class_list":["post-556","post","type-post","status-publish","format-standard","hentry","category-bd"],"_links":{"self":[{"href":"https:\/\/blogs.dickinson.edu\/fr300automne18\/wp-json\/wp\/v2\/posts\/556","targetHints":{"allow":["GET"]}}],"collection":[{"href":"https:\/\/blogs.dickinson.edu\/fr300automne18\/wp-json\/wp\/v2\/posts"}],"about":[{"href":"https:\/\/blogs.dickinson.edu\/fr300automne18\/wp-json\/wp\/v2\/types\/post"}],"author":[{"embeddable":true,"href":"https:\/\/blogs.dickinson.edu\/fr300automne18\/wp-json\/wp\/v2\/users\/3871"}],"replies":[{"embeddable":true,"href":"https:\/\/blogs.dickinson.edu\/fr300automne18\/wp-json\/wp\/v2\/comments?post=556"}],"version-history":[{"count":0,"href":"https:\/\/blogs.dickinson.edu\/fr300automne18\/wp-json\/wp\/v2\/posts\/556\/revisions"}],"wp:attachment":[{"href":"https:\/\/blogs.dickinson.edu\/fr300automne18\/wp-json\/wp\/v2\/media?parent=556"}],"wp:term":[{"taxonomy":"category","embeddable":true,"href":"https:\/\/blogs.dickinson.edu\/fr300automne18\/wp-json\/wp\/v2\/categories?post=556"},{"taxonomy":"post_tag","embeddable":true,"href":"https:\/\/blogs.dickinson.edu\/fr300automne18\/wp-json\/wp\/v2\/tags?post=556"}],"curies":[{"name":"wp","href":"https:\/\/api.w.org\/{rel}","templated":true}]}}