{"id":59,"date":"2018-09-17T16:08:03","date_gmt":"2018-09-17T14:08:03","guid":{"rendered":"http:\/\/blogs.dickinson.edu\/fr300automne18\/?p=59"},"modified":"2018-10-02T17:47:54","modified_gmt":"2018-10-02T15:47:54","slug":"engagement-actif-au-cinema","status":"publish","type":"post","link":"https:\/\/blogs.dickinson.edu\/fr300automne18\/2018\/09\/17\/engagement-actif-au-cinema\/","title":{"rendered":"Engagement Actif au Cin\u00e9ma"},"content":{"rendered":"<p><img loading=\"lazy\" decoding=\"async\" class=\"alignnone size-medium wp-image-61\" src=\"http:\/\/blogs.dickinson.edu\/fr300automne18\/files\/2018\/09\/IMG_3981-225x300.jpg\" alt=\"\" width=\"225\" height=\"300\" srcset=\"https:\/\/blogs.dickinson.edu\/fr300automne18\/files\/2018\/09\/IMG_3981-225x300.jpg 225w, https:\/\/blogs.dickinson.edu\/fr300automne18\/files\/2018\/09\/IMG_3981-768x1024.jpg 768w\" sizes=\"auto, (max-width: 225px) 100vw, 225px\" \/><\/p>\n<p>Description\u00a0:<\/p>\n<p>Mercredi dernier, je suis all\u00e9e avec mon h\u00f4tesse au cin\u00e9ma ABC pour voir le film \u00ab\u00a0Premi\u00e8re Ann\u00e9e\u00a0\u00bb r\u00e9alis\u00e9\u00a0par Thomas Lilti. Le film a commenc\u00e9 \u00e0 21h, mais nous sommes arriv\u00e9es pr\u00e8s une heure avant pour obtenir des bonnes places et pour \u00e9couter le directeur de cin\u00e9ma. Avant que les publicit\u00e9s\u00a0sont\u00a0commenc\u00e9s, le directeur du cin\u00e9ma a\u00a0nous parl\u00e9\u00a0de la raison pour laquelle il travaille pour le cin\u00e9ma, de ce qu\u2019ils font et pourquoi ils ont choisi le film. Il a expliqu\u00e9 que l\u2019ABC est un cin\u00e9ma d\u2019art et d\u2019essai. La discussion \u00e9tait tr\u00e8s formelle, presque comme une production de th\u00e9\u00e2tre, et tout le monde respectait le directeur pour son choix du film. Apr\u00e8s cet \u00e9change, les publicit\u00e9s et le\u00a0film ont commenc\u00e9s.<\/p>\n<p>Interpr\u00e9tation\u00a0:<\/p>\n<p>J\u2019ai soulign\u00e9 cette observation d&#8217;engagement actif \u00e0 mon h\u00f4tesse et elle a expliqu\u00e9 qu\u2019un cin\u00e9ma d\u2019art et d\u2019essai vise \u00e0 promouvoir les films ind\u00e9pendants et ils sont financ\u00e9s par des subventions publiques. Quelquefois, le directeur du cin\u00e9ma invite les com\u00e9diens ou le r\u00e9alisateur du film pour parler un peu plus au public et cela leur donne une chance de participer et de poser des questions. Il est important de redonner \u00e0 la communaut\u00e9<strong>\u00a0<\/strong>dans\u00a0une mani\u00e8re engageante pour aider les autres \u00e0 comprendre les motivations des films et du cin\u00e9ma. Il y a bien s\u00fbr des cin\u00e9mas o\u00f9 vous pouvez voir un film sans aucune interaction, mais pour de nombreux films fran\u00e7ais et films ind\u00e9pendants, il est utile d\u2019avoir de la publicit\u00e9 et des informations directement du directeur. Une autre explication est que le cin\u00e9ma est une forme d\u2019art. Tout comme l&#8217;explication d&#8217;un mus\u00e9e, il existe un autre niveau d&#8217;interaction au cin\u00e9ma.<\/p>\n<p>\u00c9valuation\u00a0:<\/p>\n<p>J\u2019aime bien cette sorte de formalisme au cin\u00e9ma\u00a0; c\u2019est plus une exp\u00e9rience de performance r\u00e9elle que passive. Je pense que c\u2019est important d&#8217;avoir de l&#8217;art pr\u00e9sent\u00e9 d&#8217;une mani\u00e8re comme celle-ci. Ceci est un autre exemple d\u2019acc\u00e8s \u00e0 la culture fran\u00e7ais, et cela montre la fiert\u00e9 d\u2019avoir l\u2019occasion de pr\u00e9senter m\u00eame ces films. L\u2019option d\u2019avoir un engagement passif et un engagement actif au cin\u00e9ma est \u00e9galement agr\u00e9able pour les jours o\u00f9 vous voulez regarder le film plut\u00f4t que les jours o\u00f9 vous souhaitez participer et comprendre.<\/p>\n<p>NOTE avant la correction : 13,5<\/p>\n","protected":false},"excerpt":{"rendered":"<p>Description\u00a0: Mercredi dernier, je suis all\u00e9e avec mon h\u00f4tesse au cin\u00e9ma ABC pour voir le film \u00ab\u00a0Premi\u00e8re Ann\u00e9e\u00a0\u00bb r\u00e9alis\u00e9\u00a0par Thomas Lilti. Le film a commenc\u00e9 \u00e0 21h, mais nous sommes arriv\u00e9es pr\u00e8s une heure avant pour obtenir des bonnes places et pour \u00e9couter le directeur de cin\u00e9ma. Avant que les publicit\u00e9s\u00a0sont\u00a0commenc\u00e9s, le directeur du cin\u00e9ma [&hellip;]<\/p>\n","protected":false},"author":3432,"featured_media":0,"comment_status":"open","ping_status":"open","sticky":false,"template":"","format":"standard","meta":{"footnotes":""},"categories":[153656],"tags":[],"class_list":["post-59","post","type-post","status-publish","format-standard","hentry","category-septembre"],"_links":{"self":[{"href":"https:\/\/blogs.dickinson.edu\/fr300automne18\/wp-json\/wp\/v2\/posts\/59","targetHints":{"allow":["GET"]}}],"collection":[{"href":"https:\/\/blogs.dickinson.edu\/fr300automne18\/wp-json\/wp\/v2\/posts"}],"about":[{"href":"https:\/\/blogs.dickinson.edu\/fr300automne18\/wp-json\/wp\/v2\/types\/post"}],"author":[{"embeddable":true,"href":"https:\/\/blogs.dickinson.edu\/fr300automne18\/wp-json\/wp\/v2\/users\/3432"}],"replies":[{"embeddable":true,"href":"https:\/\/blogs.dickinson.edu\/fr300automne18\/wp-json\/wp\/v2\/comments?post=59"}],"version-history":[{"count":0,"href":"https:\/\/blogs.dickinson.edu\/fr300automne18\/wp-json\/wp\/v2\/posts\/59\/revisions"}],"wp:attachment":[{"href":"https:\/\/blogs.dickinson.edu\/fr300automne18\/wp-json\/wp\/v2\/media?parent=59"}],"wp:term":[{"taxonomy":"category","embeddable":true,"href":"https:\/\/blogs.dickinson.edu\/fr300automne18\/wp-json\/wp\/v2\/categories?post=59"},{"taxonomy":"post_tag","embeddable":true,"href":"https:\/\/blogs.dickinson.edu\/fr300automne18\/wp-json\/wp\/v2\/tags?post=59"}],"curies":[{"name":"wp","href":"https:\/\/api.w.org\/{rel}","templated":true}]}}