{"id":610,"date":"2018-11-25T15:24:44","date_gmt":"2018-11-25T14:24:44","guid":{"rendered":"http:\/\/blogs.dickinson.edu\/fr300automne18\/?p=610"},"modified":"2018-12-10T15:09:10","modified_gmt":"2018-12-10T14:09:10","slug":"scooters-en-france","status":"publish","type":"post","link":"https:\/\/blogs.dickinson.edu\/fr300automne18\/2018\/11\/25\/scooters-en-france\/","title":{"rendered":"Scooters en France"},"content":{"rendered":"<p><img loading=\"lazy\" decoding=\"async\" class=\"alignnone size-medium wp-image-613\" src=\"http:\/\/blogs.dickinson.edu\/fr300automne18\/files\/2018\/11\/blog-27.11-225x300.jpg\" alt=\"\" width=\"225\" height=\"300\" srcset=\"https:\/\/blogs.dickinson.edu\/fr300automne18\/files\/2018\/11\/blog-27.11-225x300.jpg 225w, https:\/\/blogs.dickinson.edu\/fr300automne18\/files\/2018\/11\/blog-27.11-768x1024.jpg 768w\" sizes=\"auto, (max-width: 225px) 100vw, 225px\" \/><\/p>\n<p><span style=\"font-weight: 400\">Description<\/span><\/p>\n<p><span style=\"font-weight: 400\">J\u2019ai pris cette photo le dix-huit novembre quand je suis all\u00e9e au march\u00e9 de Saint-Aubin avec mon h\u00f4te, Jean-Philippe. Nous sommes all\u00e9s par scooter et c\u2019\u00e9tait la premi\u00e8re fois que <strong>j\u2019ai mont\u00e9<\/strong> sur son scooter. Nous avons besoin de porter des gants et des casques. Jean-Philippe m\u2019a dit que c\u2019est ill\u00e9gal en France de ne pas porter des gants quand on est sur un scooter. J\u2019ai demand\u00e9 pourquoi et il m\u2019a r\u00e9pondu que si on tombe et a un accident c\u2019est pour prot\u00e9ger les mains. Apr\u00e8s, j\u2019ai demand\u00e9 s\u2019il avait d\u00e9j\u00e0 eu un accident et il m\u2019a r\u00e9pondu oui une fois, avec sa fille L\u00e9na mais personne n&#8217;\u00e9tait bless\u00e9. Il m\u2019a d\u00e9crit l\u2019accident et comment le conducteur d\u2019une voiture gar\u00e9e a ouvert sa porte et le scooter a frapp\u00e9 la porte et est tomb\u00e9. Apr\u00e8s \u00e9coutant cette histoire j\u2019\u00e9tais un peu moins \u00e0 l\u2019aise qu\u2019avant, mais en fin de compte je me sentais en s\u00e9curit\u00e9 et lui faisais confiance<\/span><\/p>\n<p><span style=\"font-weight: 400\">Interpr\u00e9tation<\/span><\/p>\n<p><span style=\"font-weight: 400\">Je trouve que les scooters sont tr\u00e8s populaires en France et en Europe en g\u00e9n\u00e9ral. On peut voir les scooters dans la rue chaque jour et quand j&#8217;ai parl\u00e9 avec mes h\u00f4tes, ils m&#8217;ont dit que toutes leurs amies ont des scooters. Ils m&#8217;ont expliqu\u00e9 que les scooters sont assez populaires parce que le prix de l&#8217;essence pour un scooter est beaucoup moins <strong>ch\u00e8re<\/strong> que pour une voiture.<\/span><\/p>\n<p><span style=\"font-weight: 400\">Il y a m\u00eame des services de partage de scooter partout en Europe. Il a commenc\u00e9 avec des services pour les petits scooters \u00e9lectriques comme Lime et Bird, mais maintenant il y a des services qui ont de grands scooters comme Yugo et Scoot. Encore, ces services rendent le transport plus accessible et aussi moins ch\u00e8re.<\/span><\/p>\n<p><span style=\"font-weight: 400\">Avec l&#8217;augmentation des scooters en Europe, je n&#8217;avais pas entendu parl\u00e9 des accidents. Le manque de dispositifs de s\u00e9curit\u00e9 pour les scooters m&#8217;effraie un peu.<\/span><\/p>\n<p><span style=\"font-weight: 400\">Evaluation<\/span><\/p>\n<p><span style=\"font-weight: 400\">Je trouve que l&#8217;augmentation des scooters en Europe est pour la plupart une chose tr\u00e8s positive parce qu&#8217;il permit plus de gens d&#8217;avoir un moyen de transport qui n&#8217;est pas ch\u00e8re. Mais je trouvais sur l&#8217;internet qu&#8217;il y a beaucoup d&#8217;accidents chaque ann\u00e9e. Je pense que le manque de s\u00e9curit\u00e9 refl\u00e8te les valeurs de la soci\u00e9t\u00e9 fran\u00e7aise, surtout dans l&#8217;alimentation. Les Fran\u00e7ais continuent de ne pasteurise pas leur fromage tandis que c&#8217;est interdit de faire cela aux \u00c9tats- Unis. Je trouve que les Fran\u00e7ais donnent la priorit\u00e9 de la qualit\u00e9 de vie sur la s\u00e9curit\u00e9 d<\/span><span style=\"font-weight: 400\">e la vie. Je trouve qu&#8217;ils prennent plus de risques.<\/span><\/p>\n<p><strong>Note finale : 16<\/strong><\/p>\n<p>&nbsp;<\/p>\n","protected":false},"excerpt":{"rendered":"<p>Description J\u2019ai pris cette photo le dix-huit novembre quand je suis all\u00e9e au march\u00e9 de Saint-Aubin avec mon h\u00f4te, Jean-Philippe. Nous sommes all\u00e9s par scooter et c\u2019\u00e9tait la premi\u00e8re fois que j\u2019ai mont\u00e9 sur son scooter. Nous avons besoin de porter des gants et des casques. Jean-Philippe m\u2019a dit que c\u2019est ill\u00e9gal en France de [&hellip;]<\/p>\n","protected":false},"author":3439,"featured_media":0,"comment_status":"open","ping_status":"open","sticky":false,"template":"","format":"standard","meta":{"footnotes":""},"categories":[153660],"tags":[],"class_list":["post-610","post","type-post","status-publish","format-standard","hentry","category-27-novembre"],"_links":{"self":[{"href":"https:\/\/blogs.dickinson.edu\/fr300automne18\/wp-json\/wp\/v2\/posts\/610","targetHints":{"allow":["GET"]}}],"collection":[{"href":"https:\/\/blogs.dickinson.edu\/fr300automne18\/wp-json\/wp\/v2\/posts"}],"about":[{"href":"https:\/\/blogs.dickinson.edu\/fr300automne18\/wp-json\/wp\/v2\/types\/post"}],"author":[{"embeddable":true,"href":"https:\/\/blogs.dickinson.edu\/fr300automne18\/wp-json\/wp\/v2\/users\/3439"}],"replies":[{"embeddable":true,"href":"https:\/\/blogs.dickinson.edu\/fr300automne18\/wp-json\/wp\/v2\/comments?post=610"}],"version-history":[{"count":0,"href":"https:\/\/blogs.dickinson.edu\/fr300automne18\/wp-json\/wp\/v2\/posts\/610\/revisions"}],"wp:attachment":[{"href":"https:\/\/blogs.dickinson.edu\/fr300automne18\/wp-json\/wp\/v2\/media?parent=610"}],"wp:term":[{"taxonomy":"category","embeddable":true,"href":"https:\/\/blogs.dickinson.edu\/fr300automne18\/wp-json\/wp\/v2\/categories?post=610"},{"taxonomy":"post_tag","embeddable":true,"href":"https:\/\/blogs.dickinson.edu\/fr300automne18\/wp-json\/wp\/v2\/tags?post=610"}],"curies":[{"name":"wp","href":"https:\/\/api.w.org\/{rel}","templated":true}]}}