{"id":626,"date":"2018-11-26T11:05:41","date_gmt":"2018-11-26T10:05:41","guid":{"rendered":"http:\/\/blogs.dickinson.edu\/fr300automne18\/?p=626"},"modified":"2018-12-10T14:56:31","modified_gmt":"2018-12-10T13:56:31","slug":"les-marches-de-noel","status":"publish","type":"post","link":"https:\/\/blogs.dickinson.edu\/fr300automne18\/2018\/11\/26\/les-marches-de-noel\/","title":{"rendered":"Les March\u00e9s de No\u00ebl"},"content":{"rendered":"<p><img loading=\"lazy\" decoding=\"async\" class=\"alignnone size-medium wp-image-627\" src=\"http:\/\/blogs.dickinson.edu\/fr300automne18\/files\/2018\/11\/Screen-Shot-2018-11-25-at-5.36.02-PM-300x200.png\" alt=\"\" width=\"300\" height=\"200\" srcset=\"https:\/\/blogs.dickinson.edu\/fr300automne18\/files\/2018\/11\/Screen-Shot-2018-11-25-at-5.36.02-PM-300x200.png 300w, https:\/\/blogs.dickinson.edu\/fr300automne18\/files\/2018\/11\/Screen-Shot-2018-11-25-at-5.36.02-PM-768x511.png 768w, https:\/\/blogs.dickinson.edu\/fr300automne18\/files\/2018\/11\/Screen-Shot-2018-11-25-at-5.36.02-PM-1024x681.png 1024w, https:\/\/blogs.dickinson.edu\/fr300automne18\/files\/2018\/11\/Screen-Shot-2018-11-25-at-5.36.02-PM.png 1356w\" sizes=\"auto, (max-width: 300px) 100vw, 300px\" \/><\/p>\n<p>&nbsp;<\/p>\n<p>Description :<\/p>\n<p>Cette semaine \u00e0 Toulouse, ils ont commenc\u00e9 \u00e0 faire le march\u00e9 de No\u00ebl. Il y avait beaucoup de lumi\u00e8res et les stands avec les choses de No\u00ebl. La ville a un sens de No\u00ebl maintenant avec tous les lumi\u00e8res,\u00a0les ch\u00e2taignes grill\u00e9es, et le climat froid.<\/p>\n<p>Interpr\u00e9tation :<\/p>\n<p>Quand j\u2019ai habit\u00e9e \u00e0 l\u2019Europe avec ma famille, nous sommes all\u00e9es aux marches de No\u00ebl aussi et ils sont communs partout. J\u2019ai demand\u00e9 \u00e0 mon amie \u00e0 ICT si elle aime les march\u00e9s et comment les march\u00e9s ont commenc\u00e9 ici. Sa r\u00e9ponse \u00e9tait seulement \u00ab\u00a0nous n\u2019avons pas des march\u00e9s de No\u00ebl chez toi ?\u00a0\u00bb \u00a0Ella n&#8217;avait pas une r\u00e9ponse parce qu&#8217;elle pensait que les march\u00e9s sont partout. C\u2019est vrai que les grands march\u00e9s de No\u00ebl ne sont pas populaires m\u00eame dans les grandes villes aux \u00c9tats-Unis. C\u2019est peut-\u00eatre parce que beaucoup de pays en Europe avaient l\u2019influence catholique et cette pr\u00e9sence religieuse continue.<\/p>\n<p>\u00c9valuation :<\/p>\n<p>J\u2019aime beaucoup les march\u00e9s en Europe. J\u2019ai h\u00e2te de voir le march\u00e9 \u00e0 Toulouse parce que c\u2019est sympa de marcher dedans et aussi c\u2019est un bon endroit pour les cadeaux. Ils pr\u00e9parent tout le monde pour les vacances.<\/p>\n<p><strong>Note finale : 15<\/strong><\/p>\n","protected":false},"excerpt":{"rendered":"<p>&nbsp; Description : Cette semaine \u00e0 Toulouse, ils ont commenc\u00e9 \u00e0 faire le march\u00e9 de No\u00ebl. Il y avait beaucoup de lumi\u00e8res et les stands avec les choses de No\u00ebl. La ville a un sens de No\u00ebl maintenant avec tous les lumi\u00e8res,\u00a0les ch\u00e2taignes grill\u00e9es, et le climat froid. Interpr\u00e9tation : Quand j\u2019ai habit\u00e9e \u00e0 l\u2019Europe [&hellip;]<\/p>\n","protected":false},"author":3432,"featured_media":0,"comment_status":"open","ping_status":"open","sticky":false,"template":"","format":"standard","meta":{"footnotes":""},"categories":[153660],"tags":[],"class_list":["post-626","post","type-post","status-publish","format-standard","hentry","category-27-novembre"],"_links":{"self":[{"href":"https:\/\/blogs.dickinson.edu\/fr300automne18\/wp-json\/wp\/v2\/posts\/626","targetHints":{"allow":["GET"]}}],"collection":[{"href":"https:\/\/blogs.dickinson.edu\/fr300automne18\/wp-json\/wp\/v2\/posts"}],"about":[{"href":"https:\/\/blogs.dickinson.edu\/fr300automne18\/wp-json\/wp\/v2\/types\/post"}],"author":[{"embeddable":true,"href":"https:\/\/blogs.dickinson.edu\/fr300automne18\/wp-json\/wp\/v2\/users\/3432"}],"replies":[{"embeddable":true,"href":"https:\/\/blogs.dickinson.edu\/fr300automne18\/wp-json\/wp\/v2\/comments?post=626"}],"version-history":[{"count":0,"href":"https:\/\/blogs.dickinson.edu\/fr300automne18\/wp-json\/wp\/v2\/posts\/626\/revisions"}],"wp:attachment":[{"href":"https:\/\/blogs.dickinson.edu\/fr300automne18\/wp-json\/wp\/v2\/media?parent=626"}],"wp:term":[{"taxonomy":"category","embeddable":true,"href":"https:\/\/blogs.dickinson.edu\/fr300automne18\/wp-json\/wp\/v2\/categories?post=626"},{"taxonomy":"post_tag","embeddable":true,"href":"https:\/\/blogs.dickinson.edu\/fr300automne18\/wp-json\/wp\/v2\/tags?post=626"}],"curies":[{"name":"wp","href":"https:\/\/api.w.org\/{rel}","templated":true}]}}