{"id":641,"date":"2018-11-26T22:41:07","date_gmt":"2018-11-26T21:41:07","guid":{"rendered":"http:\/\/blogs.dickinson.edu\/fr300automne18\/?p=641"},"modified":"2018-12-03T11:30:13","modified_gmt":"2018-12-03T10:30:13","slug":"les-modes-de-la-mode","status":"publish","type":"post","link":"https:\/\/blogs.dickinson.edu\/fr300automne18\/2018\/11\/26\/les-modes-de-la-mode\/","title":{"rendered":"Les modes de la mode"},"content":{"rendered":"<p><b><img loading=\"lazy\" decoding=\"async\" class=\"aligncenter size-medium wp-image-642\" src=\"http:\/\/blogs.dickinson.edu\/fr300automne18\/files\/2018\/11\/Screen-Shot-2018-11-26-at-2.18.59-PM-300x194.png\" alt=\"\" width=\"300\" height=\"194\" srcset=\"https:\/\/blogs.dickinson.edu\/fr300automne18\/files\/2018\/11\/Screen-Shot-2018-11-26-at-2.18.59-PM-300x194.png 300w, https:\/\/blogs.dickinson.edu\/fr300automne18\/files\/2018\/11\/Screen-Shot-2018-11-26-at-2.18.59-PM.png 584w\" sizes=\"auto, (max-width: 300px) 100vw, 300px\" \/><\/b><\/p>\n<p><b>Observation<\/b><span style=\"font-weight: 400\">: Cette photo repr\u00e9sente un ph\u00e9nom\u00e8ne que j\u2019ai trouv\u00e9 en France sur la mode. Depuis mon arriv\u00e9e \u00e0 Toulouse, j\u2019ai not\u00e9 deux choses particuli\u00e8res sur le style fran\u00e7ais &#8212; la premi\u00e8re chose est le manque de couleur. Quand je vais \u00e0 l\u2019ICT le matin ou quand je sors avec mes amis dans la rue, je vois beaucoup de personnes habill\u00e9es d\u2019une fa\u00e7on tr\u00e8s chic, mais avec seulement de couleurs sombres telles que le gris, le noir ou le bleu fonc\u00e9. C\u2019est tr\u00e8s typique de voir les tenues toutes en noire. Pour la deuxi\u00e8me chose, je vois un \u00e9l\u00e9ment de la conformit\u00e9 dans les v\u00eatements fran\u00e7ais par rapport aux normes de genre et ce que les gens portent. Dans une ville am\u00e9ricaine de la taille de Toulouse, on voit beaucoup de gens qui essaient d&#8217;affirmer leur individualit\u00e9 avec leurs v\u00eatements. Les couleurs de cheveux sauvages, de nombreux piercings, des tenues avec des dessins diff\u00e9rents et des couleurs vives sont typiques, en particulier \u00e0 New York. De plus, vous voyez les gens qui jouent avec les normes de genre &#8211; des femmes qui portent de costumes ou des hommes qui portent des boucles d&#8217;oreilles. Par contre, je trouve le style \u00e0 Toulouse beaucoup plus simple et conformiste.<\/span><\/p>\n<p>&nbsp;<\/p>\n<p><b>Interpr\u00e9tation<\/b><span style=\"font-weight: 400\">: Je suis curieuse de penser sur la mode parce que je trouve que c&#8217;est tr\u00e8s contextuelle, et que les id\u00e9es sur la mode refl\u00e8tent la culture et les normes de la soci\u00e9t\u00e9. Je pense que la plus grande diversit\u00e9 de couleurs et de folie dans le style am\u00e9ricain pourrait \u00eatre li\u00e9e avec notre emphase culturelle sur l&#8217;individualit\u00e9. Notre culture valorise beaucoup l&#8217;individu, ce que nous voyons dans toutes nos activit\u00e9s, depuis la mani\u00e8re dont nous prot\u00e9geons les droits individuels plus forts que les droits collectifs jusqu&#8217;\u00e0 la mani\u00e8re dont nous encourageons les \u00e9tudiants \u00e0 partager leurs propres perspectives en classe. En France, je pense que la culture refl\u00e8te plus de coh\u00e9sion et insiste moins sur la n\u00e9cessit\u00e9 d&#8217;\u00eatre super individualiste, ce qui pourrait \u00eatre li\u00e9 aux valeurs socialistes par opposition aux valeurs capitalistes. J&#8217;ai parl\u00e9 \u00e0 mon h\u00f4tesse et elle a principalement parl\u00e9 du manque de couleur en France. Elle a d\u00e9clar\u00e9 qu&#8217;en France, le noir \u00e9tait synonyme d&#8217;\u00e9l\u00e9gance et que le noir \u00e9tait un moyen facile de montrer que vous \u00eates chic. Quand elle a quitt\u00e9 l\u2019Inde pour aller en France, elle a dit que les couleurs vives \u00e9taient l\u2019une des choses qui lui manquaient le plus.<\/span><\/p>\n<p>&nbsp;<\/p>\n<p><b>Evaluation<\/b><span style=\"font-weight: 400\">: Personnellement, j\u2019aime vraiment les styles fran\u00e7ais et am\u00e9ricain et j\u2019adore regarder les gens quand je suis en ville pour voir ce que les gens aiment porter. Je pense que la mode est une fen\u00eatre ouverte sur les valeurs culturelles et sur la subjectivit\u00e9 de nos id\u00e9es sur la beaut\u00e9. Il est \u00e9galement int\u00e9ressant de r\u00e9fl\u00e9chir \u00e0 la mani\u00e8re dont les gens utilisent le style pour se fondre avec les autres et se d\u00e9marquer de la foule en m\u00eame temps.<\/span><\/p>\n<p><strong>Note final : 16<\/strong><\/p>\n<p>&nbsp;<\/p>\n","protected":false},"excerpt":{"rendered":"<p>Observation: Cette photo repr\u00e9sente un ph\u00e9nom\u00e8ne que j\u2019ai trouv\u00e9 en France sur la mode. Depuis mon arriv\u00e9e \u00e0 Toulouse, j\u2019ai not\u00e9 deux choses particuli\u00e8res sur le style fran\u00e7ais &#8212; la premi\u00e8re chose est le manque de couleur. Quand je vais \u00e0 l\u2019ICT le matin ou quand je sors avec mes amis dans la rue, je [&hellip;]<\/p>\n","protected":false},"author":3870,"featured_media":0,"comment_status":"open","ping_status":"open","sticky":false,"template":"","format":"standard","meta":{"footnotes":""},"categories":[153660],"tags":[],"class_list":["post-641","post","type-post","status-publish","format-standard","hentry","category-27-novembre"],"_links":{"self":[{"href":"https:\/\/blogs.dickinson.edu\/fr300automne18\/wp-json\/wp\/v2\/posts\/641","targetHints":{"allow":["GET"]}}],"collection":[{"href":"https:\/\/blogs.dickinson.edu\/fr300automne18\/wp-json\/wp\/v2\/posts"}],"about":[{"href":"https:\/\/blogs.dickinson.edu\/fr300automne18\/wp-json\/wp\/v2\/types\/post"}],"author":[{"embeddable":true,"href":"https:\/\/blogs.dickinson.edu\/fr300automne18\/wp-json\/wp\/v2\/users\/3870"}],"replies":[{"embeddable":true,"href":"https:\/\/blogs.dickinson.edu\/fr300automne18\/wp-json\/wp\/v2\/comments?post=641"}],"version-history":[{"count":0,"href":"https:\/\/blogs.dickinson.edu\/fr300automne18\/wp-json\/wp\/v2\/posts\/641\/revisions"}],"wp:attachment":[{"href":"https:\/\/blogs.dickinson.edu\/fr300automne18\/wp-json\/wp\/v2\/media?parent=641"}],"wp:term":[{"taxonomy":"category","embeddable":true,"href":"https:\/\/blogs.dickinson.edu\/fr300automne18\/wp-json\/wp\/v2\/categories?post=641"},{"taxonomy":"post_tag","embeddable":true,"href":"https:\/\/blogs.dickinson.edu\/fr300automne18\/wp-json\/wp\/v2\/tags?post=641"}],"curies":[{"name":"wp","href":"https:\/\/api.w.org\/{rel}","templated":true}]}}