{"id":645,"date":"2018-11-26T23:57:17","date_gmt":"2018-11-26T22:57:17","guid":{"rendered":"http:\/\/blogs.dickinson.edu\/fr300automne18\/?p=645"},"modified":"2018-12-11T11:38:57","modified_gmt":"2018-12-11T10:38:57","slug":"pret-a","status":"publish","type":"post","link":"https:\/\/blogs.dickinson.edu\/fr300automne18\/2018\/11\/26\/pret-a\/","title":{"rendered":"Pr\u00eat \u00e0 \u2026"},"content":{"rendered":"<p><img loading=\"lazy\" decoding=\"async\" class=\"size-medium wp-image-646 aligncenter\" src=\"http:\/\/blogs.dickinson.edu\/fr300automne18\/files\/2018\/11\/29e3ddd4-67ae-4333-acbf-1e0a99bedcbc-300x225.jpg\" alt=\"\" width=\"300\" height=\"225\" srcset=\"https:\/\/blogs.dickinson.edu\/fr300automne18\/files\/2018\/11\/29e3ddd4-67ae-4333-acbf-1e0a99bedcbc-300x225.jpg 300w, https:\/\/blogs.dickinson.edu\/fr300automne18\/files\/2018\/11\/29e3ddd4-67ae-4333-acbf-1e0a99bedcbc-768x576.jpg 768w, https:\/\/blogs.dickinson.edu\/fr300automne18\/files\/2018\/11\/29e3ddd4-67ae-4333-acbf-1e0a99bedcbc-1024x768.jpg 1024w, https:\/\/blogs.dickinson.edu\/fr300automne18\/files\/2018\/11\/29e3ddd4-67ae-4333-acbf-1e0a99bedcbc.jpg 1600w\" sizes=\"auto, (max-width: 300px) 100vw, 300px\" \/><\/p>\n<p>Description\u00a0: La photo au-dessus montre les fruits, sp\u00e9cifiquement les ananas entiers, au Carrefour. Depuis mon arriv\u00e9e \u00e0 Toulouse j\u2019ai not\u00e9 beaucoup de diff\u00e9rences dans les march\u00e9s, les magasins et les supermarch\u00e9s entre comment la nourriture est vendue ici et comment la nourriture est vendue aux \u00c9tats-Unis. Une diff\u00e9rence que j\u2019ai trouv\u00e9e particuli\u00e8rement int\u00e9ressante est le fait qu\u2019on trouve les fruits et l\u00e9gumes pr\u00e9-coup\u00e9s beaucoup plus souvent aux \u00c9tats-Unis. C\u2019est une observation que mon h\u00f4tesse a trouv\u00e9e tr\u00e8s int\u00e9ressante aussi quand elle est all\u00e9e \u00e0 New York. Le fait qu\u2019il y a moins de fruits et l\u00e9gumes pr\u00e9-coup\u00e9s ici ne me d\u00e9range pas parce que je n\u2019ai pas l\u2019habitude de les acheter aux \u00c9tats-Unis. Je n\u2019ai pas les sentiments ni positives ni n\u00e9gatives \u00e0 propos de cette observation, mais je pense que c\u2019est une diff\u00e9rence culturelle tr\u00e8s int\u00e9ressante. En fait, c\u2019est une id\u00e9e et analyse applicable aussi \u00e0 la tendance \u00ab\u00a0Pr\u00eat \u00e0\u00a0\u00bb, comme pr\u00eat \u00e0 manger et pr\u00eat \u00e0 porter.<\/p>\n<p>&nbsp;<\/p>\n<p>Interpr\u00e9tation\u00a0: D\u2019abord, j\u2019ai pens\u00e9 que cette observation pourrait \u00eatre li\u00e9e avec le fait qu\u2019en g\u00e9n\u00e9ral les fran\u00e7ais donnent plus d\u2019importance \u00e0 la cuisine et le fait de cuisiner soi-m\u00eame. De plus, mon h\u00f4tesse trouve qu\u2019il pourrait \u00eatre aussi li\u00e9 avec le fait que souvent les Am\u00e9ricains vont faire tout pour gagner du temps et je suis de tout de fait d\u2019accord avec cette explication. Je trouve que je cherche toujours les fa\u00e7ons de gagner du temps et pour moi, comme beaucoup d\u2019autres Am\u00e9ricains, le sacrifice est souvent fait au niveau de la nourriture. Par exemple, c\u2019est beaucoup plus commun de voir un Am\u00e9ricain qui mange et travaille ou qui mange et marche qu\u2019un Fran\u00e7ais.<\/p>\n<p>&nbsp;<\/p>\n<p>\u00c9valuation\u00a0: Je pense qu\u2019il est int\u00e9ressant de consid\u00e9rer cette observation dans le contexte culturel de la gastronomie fran\u00e7aise. La gastronomie a une place tr\u00e8s importante dans la culture fran\u00e7aise et \u00e7a pourrait \u00eatre pourquoi les Fran\u00e7ais sont moins pr\u00eats \u00e0 prendre les raccourcis avec la pr\u00e9paration de la nourriture. Ceci dit, je trouve que la tendance \u00ab\u00a0pr\u00eat \u00e0\u00a0\u00bb est en pleine forme ici en France, m\u00eame si c\u2019est encore moins pr\u00e9sent qu\u2019aux \u00c9tats-Unis. Par exemple, dans les plus grands supermarch\u00e9s il y a les plats pr\u00e9par\u00e9s et les fruits pr\u00e9-coup\u00e9s. De plus, il y a les magasins avec la nourriture \u00ab\u00a0pr\u00eat \u00e0 manger\u00a0\u00bb et les v\u00eatements \u00ab\u00a0pr\u00eat \u00e0 porter\u00a0\u00bb. Si j\u2019\u00e9tais une Fran\u00e7aise je pense que je serais plus habitu\u00e9e \u00e0 la fa\u00e7on dont la nourriture est vendue ici \u00e0 Toulouse.<\/p>\n<p><strong>Note finale: 15<\/strong><\/p>\n","protected":false},"excerpt":{"rendered":"<p>Description\u00a0: La photo au-dessus montre les fruits, sp\u00e9cifiquement les ananas entiers, au Carrefour. Depuis mon arriv\u00e9e \u00e0 Toulouse j\u2019ai not\u00e9 beaucoup de diff\u00e9rences dans les march\u00e9s, les magasins et les supermarch\u00e9s entre comment la nourriture est vendue ici et comment la nourriture est vendue aux \u00c9tats-Unis. Une diff\u00e9rence que j\u2019ai trouv\u00e9e particuli\u00e8rement int\u00e9ressante est le [&hellip;]<\/p>\n","protected":false},"author":3153,"featured_media":0,"comment_status":"open","ping_status":"open","sticky":false,"template":"","format":"standard","meta":{"footnotes":""},"categories":[153660],"tags":[],"class_list":["post-645","post","type-post","status-publish","format-standard","hentry","category-27-novembre"],"_links":{"self":[{"href":"https:\/\/blogs.dickinson.edu\/fr300automne18\/wp-json\/wp\/v2\/posts\/645","targetHints":{"allow":["GET"]}}],"collection":[{"href":"https:\/\/blogs.dickinson.edu\/fr300automne18\/wp-json\/wp\/v2\/posts"}],"about":[{"href":"https:\/\/blogs.dickinson.edu\/fr300automne18\/wp-json\/wp\/v2\/types\/post"}],"author":[{"embeddable":true,"href":"https:\/\/blogs.dickinson.edu\/fr300automne18\/wp-json\/wp\/v2\/users\/3153"}],"replies":[{"embeddable":true,"href":"https:\/\/blogs.dickinson.edu\/fr300automne18\/wp-json\/wp\/v2\/comments?post=645"}],"version-history":[{"count":0,"href":"https:\/\/blogs.dickinson.edu\/fr300automne18\/wp-json\/wp\/v2\/posts\/645\/revisions"}],"wp:attachment":[{"href":"https:\/\/blogs.dickinson.edu\/fr300automne18\/wp-json\/wp\/v2\/media?parent=645"}],"wp:term":[{"taxonomy":"category","embeddable":true,"href":"https:\/\/blogs.dickinson.edu\/fr300automne18\/wp-json\/wp\/v2\/categories?post=645"},{"taxonomy":"post_tag","embeddable":true,"href":"https:\/\/blogs.dickinson.edu\/fr300automne18\/wp-json\/wp\/v2\/tags?post=645"}],"curies":[{"name":"wp","href":"https:\/\/api.w.org\/{rel}","templated":true}]}}