{"id":651,"date":"2018-11-27T11:15:56","date_gmt":"2018-11-27T10:15:56","guid":{"rendered":"http:\/\/blogs.dickinson.edu\/fr300automne18\/?p=651"},"modified":"2018-12-03T11:18:03","modified_gmt":"2018-12-03T10:18:03","slug":"donald-trump-et-les-elections-europeens","status":"publish","type":"post","link":"https:\/\/blogs.dickinson.edu\/fr300automne18\/2018\/11\/27\/donald-trump-et-les-elections-europeens\/","title":{"rendered":"Donald Trump et les Elections Europeens"},"content":{"rendered":"<p><img loading=\"lazy\" decoding=\"async\" class=\"alignnone size-medium wp-image-655\" src=\"http:\/\/blogs.dickinson.edu\/fr300automne18\/files\/2018\/11\/Poster-300x184.png\" alt=\"\" width=\"300\" height=\"184\" srcset=\"https:\/\/blogs.dickinson.edu\/fr300automne18\/files\/2018\/11\/Poster-300x184.png 300w, https:\/\/blogs.dickinson.edu\/fr300automne18\/files\/2018\/11\/Poster-768x471.png 768w, https:\/\/blogs.dickinson.edu\/fr300automne18\/files\/2018\/11\/Poster-1024x628.png 1024w, https:\/\/blogs.dickinson.edu\/fr300automne18\/files\/2018\/11\/Poster.png 1349w\" sizes=\"auto, (max-width: 300px) 100vw, 300px\" \/><\/p>\n<p>Description<\/p>\n<p>Cette photo montre une affiche r\u00e9alis\u00e9e par la mairie de Strasbourg pour encourager la participation des \u00e9lecteurs aux \u00e9lections europ\u00e9ennes de 2019. L&#8217;affiche repr\u00e9sente un drapeau europ\u00e9en en forme d&#8217;\u00e9toile sur le profil familier du pr\u00e9sident am\u00e9ricain Donald Trump. La l\u00e9gende se lit comme suit: &#8220;Cette fois, je m&#8217;inscris et je vote!&#8221;, L&#8217;affiche a \u00e9t\u00e9 plac\u00e9e autour de Strasbourg et post\u00e9e sur la page Facebook de la Ville et de l&#8217;Eurom\u00e9tropole de Strasbourg le 21 novembre. <strong>Beaucoup de Facebook Les commentaires<\/strong> en r\u00e9ponse \u00e0 cet article se sont fach\u00e9es par le fait que l&#8217;image place Donald Trump au premier plan d&#8217;une \u00e9lection europ\u00e9enne, le qualifiant d&#8217;impertinent et de distrayant.<\/p>\n<p>Interpretation<\/p>\n<p>En tant qu\u2019Am\u00e9ricain, j\u2019interpr\u00e8te la juxtaposition du texte avec l\u2019image de Donald Trump comme une tentative d\u2019avertir les citoyens fran\u00e7ais que, ils pourraient se retrouver avec des nationalistes au pouvoir s&#8217;ils ne votent pas. L&#8217;affiche est bas\u00e9e sur <strong>l&#8217;expectation<\/strong> que le public ait une opinion n\u00e9gative du pr\u00e9sident Trump. En cons\u00e9quence, l&#8217;affiche d\u00e9crit presque les \u00e9lections europ\u00e9ennes comme une occasion de voter contre <strong><em>le<\/em> <\/strong>Trumpisme. De nombreux commentateurs fran\u00e7ais sembl<strong>ai<\/strong>ent consid\u00e9rer l\u2019affiche comme une attaque contre le pr\u00e9sident Trump. La plupart des commentaires condamnaient l\u2019utilisation de l\u2019image de Donald Trump, la qualifiant de \u00abprovocante\u00bb, \u00abinjustifi\u00e9e\u00bb et \u00abimpertinente\u00bb. Quelques commentateurs ont paru offens\u00e9s par le fait que les &#8220;v\u00e9ritables&#8221; questions relatives aux \u00e9lections europ\u00e9ennes (telles que les migrants) \u00e9taient ignor\u00e9es et que l\u2019importance de ces \u00e9lections \u00e9tait en train d\u2019\u00eatre simplifi\u00e9e en une dichotomie entre favorable ou oppos\u00e9e \u00e0 Trump.<\/p>\n<p>Evaluation<\/p>\n<p>J&#8217;ai trouv\u00e9 int\u00e9ressant que le pr\u00e9sident am\u00e9ricain apparaisse dans une affiche sur les \u00e9lections europ\u00e9ennes destin\u00e9es \u00e0 un public fran\u00e7ais, car l&#8217;inverse ne se produirait jamais. Je doute que la plupart des Am\u00e9ricains reconnaissent le nom du pr\u00e9sident fran\u00e7ais, encore moins son profil physique ou son importance dans la politique mondiale. Pour moi, l&#8217;affiche repr\u00e9sente la relation politique non-r\u00e9ciproque entre les \u00c9tats-Unis et le reste du monde, dans laquelle les citoyens d&#8217;autres pays suivent davantage la politique am\u00e9ricaine que les citoyens am\u00e9ricains ne suivent aucune politique \u00e9trang\u00e8re. Que l\u2019affiche soit cens\u00e9e \u00eatre amusante, prudente ou rebelle, on ne peut nier que le choix d\u2019utiliser une image du pr\u00e9sident am\u00e9ricain plut\u00f4t que celle d\u2019un homme politique fran\u00e7ais, europ\u00e9en ou asiatique impopulaire en dit long sur statut de l&#8217;Am\u00e9rique et les 2) opinions politiques et la connaissance du citoyen fran\u00e7ais moyen.<\/p>\n<p><strong>Note avant la correction : 14<\/strong><\/p>\n<p><strong><em>Il manque la trace d&#8217;un \u00e9change verbal avec un francophone &#8216;local&#8217; sur le sujet. Les r\u00e9ponses virtuelles ne suffisent pas.<\/em><\/strong><\/p>\n","protected":false},"excerpt":{"rendered":"<p>Description Cette photo montre une affiche r\u00e9alis\u00e9e par la mairie de Strasbourg pour encourager la participation des \u00e9lecteurs aux \u00e9lections europ\u00e9ennes de 2019. L&#8217;affiche repr\u00e9sente un drapeau europ\u00e9en en forme d&#8217;\u00e9toile sur le profil familier du pr\u00e9sident am\u00e9ricain Donald Trump. La l\u00e9gende se lit comme suit: &#8220;Cette fois, je m&#8217;inscris et je vote!&#8221;, L&#8217;affiche a [&hellip;]<\/p>\n","protected":false},"author":3195,"featured_media":0,"comment_status":"open","ping_status":"open","sticky":false,"template":"","format":"standard","meta":{"footnotes":""},"categories":[153660],"tags":[],"class_list":["post-651","post","type-post","status-publish","format-standard","hentry","category-27-novembre"],"_links":{"self":[{"href":"https:\/\/blogs.dickinson.edu\/fr300automne18\/wp-json\/wp\/v2\/posts\/651","targetHints":{"allow":["GET"]}}],"collection":[{"href":"https:\/\/blogs.dickinson.edu\/fr300automne18\/wp-json\/wp\/v2\/posts"}],"about":[{"href":"https:\/\/blogs.dickinson.edu\/fr300automne18\/wp-json\/wp\/v2\/types\/post"}],"author":[{"embeddable":true,"href":"https:\/\/blogs.dickinson.edu\/fr300automne18\/wp-json\/wp\/v2\/users\/3195"}],"replies":[{"embeddable":true,"href":"https:\/\/blogs.dickinson.edu\/fr300automne18\/wp-json\/wp\/v2\/comments?post=651"}],"version-history":[{"count":0,"href":"https:\/\/blogs.dickinson.edu\/fr300automne18\/wp-json\/wp\/v2\/posts\/651\/revisions"}],"wp:attachment":[{"href":"https:\/\/blogs.dickinson.edu\/fr300automne18\/wp-json\/wp\/v2\/media?parent=651"}],"wp:term":[{"taxonomy":"category","embeddable":true,"href":"https:\/\/blogs.dickinson.edu\/fr300automne18\/wp-json\/wp\/v2\/categories?post=651"},{"taxonomy":"post_tag","embeddable":true,"href":"https:\/\/blogs.dickinson.edu\/fr300automne18\/wp-json\/wp\/v2\/tags?post=651"}],"curies":[{"name":"wp","href":"https:\/\/api.w.org\/{rel}","templated":true}]}}