{"id":105,"date":"2021-10-13T18:38:57","date_gmt":"2021-10-13T18:38:57","guid":{"rendered":"https:\/\/blogs.dickinson.edu\/fr300automne21\/?p=105"},"modified":"2021-10-13T18:39:54","modified_gmt":"2021-10-13T18:39:54","slug":"105","status":"publish","type":"post","link":"https:\/\/blogs.dickinson.edu\/fr300automne21\/2021\/10\/13\/105\/","title":{"rendered":"Les Machines De S\u00e9chage"},"content":{"rendered":"<p><span style=\"font-weight: 400\">Description\u00a0<\/span><\/p>\n<p><span style=\"font-weight: 400\">Pour avoir d\u00e9j\u00e0 voyag\u00e9 en Europe et avoir un fr\u00e8re qui a d\u00e9m\u00e9nag\u00e9 dans diff\u00e9rents pays de l&#8217;UE, j&#8217;\u00e9tais conscient du manque d&#8217;utilisation des machines \u00e0 s\u00e9cher. Cependant, mon exp\u00e9rience n&#8217;a jamais \u00e9t\u00e9 encombrante pour ma vie. Je ne voyageais que pour une semaine ou deux, et je n&#8217;avais jamais besoin de laver une grande quantit\u00e9 de v\u00eatements avant de partir. Maintenant que je vive en France, ma routine pour laver mes v\u00eatements et mes draps est compl\u00e8tement diff\u00e9rentes. En premier lieu, j&#8217;attends pour le week-end, quand j&#8217;ai plus de temps pour le faire, mais j&#8217;essaie aussi d&#8217;\u00e9tendre mes v\u00eatements un jour o\u00f9 il y a du soleil ou du vent, mais pas trop, car je ne veux pas que mes chaussettes s&#8217;envolent ! Comme les jours sont devenus plus froids, mon h\u00f4tesse m&#8217;a dit que nous pouvions augmenter la temp\u00e9rature du radiateur dans la cuisine pour s\u00e9cher les v\u00eatements pendant la nuit. J&#8217;ai l&#8217;impression que j\u2019ai l\u2019habitude maintenant, et je l&#8217;utilise m\u00eame comme une forme de th\u00e9rapie.\u00a0<\/span><\/p>\n<p><span style=\"font-weight: 400\">Interpr\u00e9tation\u00a0<\/span><\/p>\n<p><span style=\"font-weight: 400\">Une explication possible de la non-existence des s\u00e8che-linge serait le besoin de la France d&#8217;\u00e9conomiser l&#8217;\u00e9nergie et d&#8217;\u00eatre plus consciente de l&#8217;environnement. De plus, l&#8217;utilisation de s\u00e8che-linge est co\u00fbteuse et prend beaucoup de place. Un espace dont beaucoup de maisons ou d&#8217;appartements en France ne disposent pas. Je pense aussi qu&#8217;il y a une histoire d&#8217;\u00e9tendage du linge dans les pays europ\u00e9ens. Les villes am\u00e9ricaines, grandes et petites, ont \u00e9volu\u00e9 beaucoup plus rapidement, en \u00e9tant capables de s&#8217;adapter \u00e0 la quantit\u00e9 d&#8217;eau et d&#8217;\u00e9lectricit\u00e9 n\u00e9cessaire pour faire fonctionner les s\u00e8che-linges. Les adjectifs que j&#8217;utiliserais pour d\u00e9crire l&#8217;exp\u00e9rience de la situation seraient &#8220;nouveau&#8221; et &#8220;long&#8221;. Il s&#8217;agit sans aucun doute d&#8217;un processus d&#8217;apprentissage et m\u00eame d&#8217;une adaptation de ma m\u00e9moire musculaire, qui fait en sorte que je laisse instinctivement le temps de suspendre mes v\u00eatements apr\u00e8s les avoir lav\u00e9s.\u00a0<\/span><\/p>\n<p><span style=\"font-weight: 400\">\u00c9valuation<\/span><\/p>\n<p><span style=\"font-weight: 400\">Les sentiments que je me sens envers de cette exp\u00e9rience sont similaires \u00e0 ce que j&#8217;ai \u00e9crit dans mon dernier journal : je suis reconnaissante. J&#8217;appr\u00e9cie les ressources dont je dispose aux \u00c9tats-Unis, mais aussi les nouvelles exp\u00e9riences et les histoires que je peux rapporter chez moi, m\u00eame si je suis le seul \u00e0 en comprendre la signification profonde ou le sens culturel. Je pense que du point de vue d&#8217;un Fran\u00e7ais, l&#8217;utilisation d&#8217;un s\u00e8che-linge est utile et efficace, mais c&#8217;est aussi parfois un gaspillage, car tout le monde a la possibilit\u00e9 d&#8217;\u00e9tendre ses v\u00eatements. <\/span><\/p>\n","protected":false},"excerpt":{"rendered":"<p>Description\u00a0 Pour avoir d\u00e9j\u00e0 voyag\u00e9 en Europe et avoir un fr\u00e8re qui a d\u00e9m\u00e9nag\u00e9 dans diff\u00e9rents pays de l&#8217;UE, j&#8217;\u00e9tais conscient du manque d&#8217;utilisation des machines \u00e0 s\u00e9cher. Cependant, mon exp\u00e9rience n&#8217;a jamais \u00e9t\u00e9 encombrante pour ma vie. Je ne voyageais que pour une semaine ou deux, et je n&#8217;avais jamais besoin de laver une [&hellip;]<\/p>\n","protected":false},"author":4800,"featured_media":0,"comment_status":"open","ping_status":"open","sticky":false,"template":"","format":"standard","meta":{"footnotes":""},"categories":[342994],"tags":[],"class_list":["post-105","post","type-post","status-publish","format-standard","hentry","category-14-octobre"],"_links":{"self":[{"href":"https:\/\/blogs.dickinson.edu\/fr300automne21\/wp-json\/wp\/v2\/posts\/105","targetHints":{"allow":["GET"]}}],"collection":[{"href":"https:\/\/blogs.dickinson.edu\/fr300automne21\/wp-json\/wp\/v2\/posts"}],"about":[{"href":"https:\/\/blogs.dickinson.edu\/fr300automne21\/wp-json\/wp\/v2\/types\/post"}],"author":[{"embeddable":true,"href":"https:\/\/blogs.dickinson.edu\/fr300automne21\/wp-json\/wp\/v2\/users\/4800"}],"replies":[{"embeddable":true,"href":"https:\/\/blogs.dickinson.edu\/fr300automne21\/wp-json\/wp\/v2\/comments?post=105"}],"version-history":[{"count":0,"href":"https:\/\/blogs.dickinson.edu\/fr300automne21\/wp-json\/wp\/v2\/posts\/105\/revisions"}],"wp:attachment":[{"href":"https:\/\/blogs.dickinson.edu\/fr300automne21\/wp-json\/wp\/v2\/media?parent=105"}],"wp:term":[{"taxonomy":"category","embeddable":true,"href":"https:\/\/blogs.dickinson.edu\/fr300automne21\/wp-json\/wp\/v2\/categories?post=105"},{"taxonomy":"post_tag","embeddable":true,"href":"https:\/\/blogs.dickinson.edu\/fr300automne21\/wp-json\/wp\/v2\/tags?post=105"}],"curies":[{"name":"wp","href":"https:\/\/api.w.org\/{rel}","templated":true}]}}