{"id":132,"date":"2021-10-28T13:03:58","date_gmt":"2021-10-28T13:03:58","guid":{"rendered":"https:\/\/blogs.dickinson.edu\/fr300automne21\/?p=132"},"modified":"2021-10-28T13:03:58","modified_gmt":"2021-10-28T13:03:58","slug":"bd-les-cahiers-desther-histoire-de-mes-15-ans","status":"publish","type":"post","link":"https:\/\/blogs.dickinson.edu\/fr300automne21\/2021\/10\/28\/bd-les-cahiers-desther-histoire-de-mes-15-ans\/","title":{"rendered":"[BD] Les Cahiers d&#8217;Esther &#8211; Histoire de mes 15 ans"},"content":{"rendered":"\r\n<p>\u00a0 \u00a0 \u00a0 \u00a0 \u00a0 \u00a0 \u00a0 \u00a0 \u00a0 \u00a0 \u00a0 \u00a0 \u00a0 \u00a0 \u00a0 \u00a0\u00a0<img loading=\"lazy\" decoding=\"async\" class=\"alignnone size-medium wp-image-135\" src=\"http:\/\/blogs.dickinson.edu\/fr300automne21\/files\/2021\/10\/tempImageSnm3Ms-225x300.jpg\" alt=\"\" width=\"225\" height=\"300\" srcset=\"https:\/\/blogs.dickinson.edu\/fr300automne21\/files\/2021\/10\/tempImageSnm3Ms-225x300.jpg 225w, https:\/\/blogs.dickinson.edu\/fr300automne21\/files\/2021\/10\/tempImageSnm3Ms-768x1024.jpg 768w, https:\/\/blogs.dickinson.edu\/fr300automne21\/files\/2021\/10\/tempImageSnm3Ms-1152x1536.jpg 1152w, https:\/\/blogs.dickinson.edu\/fr300automne21\/files\/2021\/10\/tempImageSnm3Ms-1536x2048.jpg 1536w, https:\/\/blogs.dickinson.edu\/fr300automne21\/files\/2021\/10\/tempImageSnm3Ms-scaled.jpg 1920w\" sizes=\"auto, (max-width: 225px) 100vw, 225px\" \/>\u00a0 \u00a0 <img loading=\"lazy\" decoding=\"async\" class=\"alignnone size-medium wp-image-136\" src=\"http:\/\/blogs.dickinson.edu\/fr300automne21\/files\/2021\/10\/tempImageFxh0yc-225x300.jpg\" alt=\"\" width=\"225\" height=\"300\" srcset=\"https:\/\/blogs.dickinson.edu\/fr300automne21\/files\/2021\/10\/tempImageFxh0yc-225x300.jpg 225w, https:\/\/blogs.dickinson.edu\/fr300automne21\/files\/2021\/10\/tempImageFxh0yc-768x1024.jpg 768w, https:\/\/blogs.dickinson.edu\/fr300automne21\/files\/2021\/10\/tempImageFxh0yc-1152x1536.jpg 1152w, https:\/\/blogs.dickinson.edu\/fr300automne21\/files\/2021\/10\/tempImageFxh0yc-1536x2048.jpg 1536w, https:\/\/blogs.dickinson.edu\/fr300automne21\/files\/2021\/10\/tempImageFxh0yc-scaled.jpg 1920w\" sizes=\"auto, (max-width: 225px) 100vw, 225px\" \/><\/p>\r\n<p>&nbsp;<\/p>\r\n<p style=\"text-align: left\">La BD que j\u2019ai choisis de lire est \u201cLes Cahiers d\u2019Esther &#8211; Histoire de mes 15 ans\u201d qui correspond \u00e0 plusieurs \u00e9pisodes de la vie d\u2019une jeune adolescente appel\u00e9e Riad Sattouf. Cette BD \u00e0 un style d\u2019\u00e9criture particulier car c\u2019est un jeune mill\u00e9naire qui l\u2019\u00e9crit et son style correspond beaucoup \u00e0 ce qu&#8217;on peut entendre dans la rue aujourd\u2019hui. L\u2019histoire racont\u00e9e est d\u2019ailleurs r\u00e9cente puisqu\u2019elle parle\u00a0d\u2019\u00e9v\u00e8nements r\u00e9cent comme le COVID et aussi de la mort de Kobe Bryan. Il y a beaucoup l\u2019usage d\u2019argot, termes familiers, de langage de \u201cjeune\u201d, donc je ressens automatiquement une sorte de proximit\u00e9 avec l\u2019auteur car on parle le m\u00eame langage on va dire.<br \/><br \/>La BD me fait ressentir beaucoup d\u2019amusement mais aussi de la r\u00e9flexion car je me rends comment l\u2019argot et le langage des \u201cjeunes\u201d avec des termes comme \u201cwesh\u201d ou \u201couf\u201d ou encore \u201cmon reuf\u201d commence \u00e0 prendre beaucoup d&#8217;ampleur dans la langue fran\u00e7aise. Je me rends aussi compte dU public vis\u00e9 dans ce genre BD car des personnes plus \u00e2g\u00e9es qui la lisent peuvent rapidement se sentir d\u00e9pays\u00e9 car le langage est assez codifi\u00e9. Dans la BD, Esther explique comment \u00e7a fait d\u2019avoir 15 ans raconte les p\u00e9rip\u00e9ties de sa vie, son \u00e9volution etc. \u00c0 travers les images de la BD, tu peux plus rapidement comprendre le contexte et ce que l\u2019auteur veut te faire communiquer car g\u00e9n\u00e9ralement, les images sont plus parlantes et universelle que la langue en elle-m\u00eame et en cons\u00e9quence \u00e7a me permet de comprendre plus rapidement avant meme d&#8217;avoir lu. Finalement, \u00e7a me permet d&#8217;observer qu&#8217;aujourd\u2019hui, il serait primordial de s&#8217;int\u00e9resser un peu plus aux d\u00e9riv\u00e9s de la langue fran\u00e7aise qui est si riche et qui pourrait permettre de mieux comprendre les jeunes par exemple \u00e0 travers l\u2019argot ou mieux se rapprocher de la culture fran\u00e7aise avec les anciennes langues comme l&#8217;occitans.<\/p>\r\n<p>La BD fait un bon travail parce qu&#8217;en plus des petits vignette, elle essaye de retranscrire des \u00e9motions lorsque par exemple la vignette va \u00eatre beaucoup plus agrandis c&#8217;est pour faire une pause sur un moment pr\u00e9cis ou l&#8217;amplifier alors qu&#8217;au contraire si les cases se ressemblent plus alors il s&#8217;agit de faits ordinaires. Il y a aussi un vrai jeu de couleurs dans ma BD et il y a des couleurs comme le jaune et le oranges qui sont des couleurs qui flashs ce qui permet d&#8217;attirer l&#8217;attention du lecteur et pourrait signifier qu&#8217;il s&#8217;agit d&#8217;une sc\u00e8ne importe alors que les autres vignettes moins importantes resteront moins color\u00e9es.<\/p>\r\n","protected":false},"excerpt":{"rendered":"<p>\u00a0 \u00a0 \u00a0 \u00a0 \u00a0 \u00a0 \u00a0 \u00a0 \u00a0 \u00a0 \u00a0 \u00a0 \u00a0 \u00a0 \u00a0 \u00a0\u00a0\u00a0 \u00a0 &nbsp; La BD que j\u2019ai choisis de lire est \u201cLes Cahiers d\u2019Esther &#8211; Histoire de mes 15 ans\u201d qui correspond \u00e0 plusieurs \u00e9pisodes de la vie d\u2019une jeune adolescente appel\u00e9e Riad Sattouf. Cette BD \u00e0 un style d\u2019\u00e9criture [&hellip;]<\/p>\n","protected":false},"author":4799,"featured_media":0,"comment_status":"open","ping_status":"open","sticky":false,"template":"","format":"standard","meta":{"footnotes":""},"categories":[153663],"tags":[],"class_list":["post-132","post","type-post","status-publish","format-standard","hentry","category-bd"],"_links":{"self":[{"href":"https:\/\/blogs.dickinson.edu\/fr300automne21\/wp-json\/wp\/v2\/posts\/132","targetHints":{"allow":["GET"]}}],"collection":[{"href":"https:\/\/blogs.dickinson.edu\/fr300automne21\/wp-json\/wp\/v2\/posts"}],"about":[{"href":"https:\/\/blogs.dickinson.edu\/fr300automne21\/wp-json\/wp\/v2\/types\/post"}],"author":[{"embeddable":true,"href":"https:\/\/blogs.dickinson.edu\/fr300automne21\/wp-json\/wp\/v2\/users\/4799"}],"replies":[{"embeddable":true,"href":"https:\/\/blogs.dickinson.edu\/fr300automne21\/wp-json\/wp\/v2\/comments?post=132"}],"version-history":[{"count":0,"href":"https:\/\/blogs.dickinson.edu\/fr300automne21\/wp-json\/wp\/v2\/posts\/132\/revisions"}],"wp:attachment":[{"href":"https:\/\/blogs.dickinson.edu\/fr300automne21\/wp-json\/wp\/v2\/media?parent=132"}],"wp:term":[{"taxonomy":"category","embeddable":true,"href":"https:\/\/blogs.dickinson.edu\/fr300automne21\/wp-json\/wp\/v2\/categories?post=132"},{"taxonomy":"post_tag","embeddable":true,"href":"https:\/\/blogs.dickinson.edu\/fr300automne21\/wp-json\/wp\/v2\/tags?post=132"}],"curies":[{"name":"wp","href":"https:\/\/api.w.org\/{rel}","templated":true}]}}