{"id":15,"date":"2021-09-28T15:18:37","date_gmt":"2021-09-28T15:18:37","guid":{"rendered":"https:\/\/blogs.dickinson.edu\/fr300automne21\/?p=15"},"modified":"2021-10-07T20:03:59","modified_gmt":"2021-10-07T20:03:59","slug":"la-chose-la-plus-bizarre-que-jai-vue-en-france","status":"publish","type":"post","link":"https:\/\/blogs.dickinson.edu\/fr300automne21\/2021\/09\/28\/la-chose-la-plus-bizarre-que-jai-vue-en-france\/","title":{"rendered":"La chose la plus bizarre que j&#8217;ai vue en France"},"content":{"rendered":"<p><strong>D\u00e9scription:<\/strong><\/p>\n<p><span style=\"font-weight: 400\">Un soir, j\u2019ai cherch\u00e9 le lait car il \u00e9tait presque \u00e9puis\u00e9. J\u2019ai cherch\u00e9 partout dans le r\u00e9frig\u00e9rateur et j\u2019ai \u00e9t\u00e9 d\u00e9\u00e7u de ne rien trouver. J\u2019ai d\u00e9cid\u00e9 de demander \u00e0 mon h\u00f4te s&#8217;il en reste. Elle m\u2019a dit de regarder dans les placards pour le trouver. J\u2019ai ouvert le placard et voil\u00e0 le lait. D\u2019abord j&#8217;\u00e9tais choqu\u00e9. Pourquoi est-ce le lait dans le placard et pas dans le r\u00e9frig\u00e9rateur? Non seulement il avait du lait plac\u00e9 \u00e0 l&#8217;ext\u00e9rieur du r\u00e9frig\u00e9rateur, mais il y avait au total vingt bouteilles de lait stock\u00e9es dans ce placard chaud. J\u2019ai ri de confusion et de souvenir de COVID-19 aux Etats-Unis quand millions d&#8217;am\u00e9ricains faisaient le plein de papier toilette et beaucoup de choses inutiles dans leurs maisons. Les fran\u00e7ais avaient-ils juste un an de retard sur la mode am\u00e9ricaine ou \u00e9taient-ils vraiment fous? \u00c0 mon avis, ce n\u2019est pas n\u00e9cessaire d&#8217; avoir autant de bouteilles de lait. J\u2019\u00e9tais d\u00e9guis\u00e9 car c&#8217;\u00e9tait le lait que j\u2019avais bu ce matin dans mes c\u00e9r\u00e9ales. Quel \u00e9tait le probl\u00e8me avec le r\u00e9frig\u00e9rateur? Il a plus qu\u2019assez d&#8217;espace et l&#8217;\u00e9lectricit\u00e9 fonctionnait. Est-il sage de boire du lait non refroidi?<\/span><\/p>\n<p>&nbsp;<\/p>\n<p><strong>Int\u00e9rpretation:<\/strong><\/p>\n<p><span style=\"font-weight: 400\">Comme la plupart des touristes qui viennent en France, ils remarquent que le lait n\u2019est pas stock\u00e9 \u00e0 l\u2019int\u00e9rieur du r\u00e9frig\u00e9rateur mais \u00e0 l\u2019ext\u00e9rieur. Mon h\u00f4te m\u2019avait inform\u00e9 qu\u2019il s\u2019agissait simplement de la conservation de l\u2019espace. En stockant le lait dans des placards \u00e9tait un moyen simple d&#8217;\u00eatre plus respectueux de l&#8217;environnement car il consomme moins d\u2019\u00e9nergie et co\u00fbte moins cher pour l&#8217;\u00e9lectricit\u00e9. Parce que les Fran\u00e7ais sont plus conscients de l&#8217;environnement dans tous les aspects de leur vie, quelque chose d\u2019aussi simple que de stocker du lait dans des placard semble \u00eatre la seule d\u00e9cision logique\u00a0 pour le bien-\u00eatre de l\u2019environnement. Une autre raison pour laquelle les fran\u00e7ais et les autres pays europ\u00e9ens conservent leur lait hors du r\u00e9frig\u00e9rateur est gr\u00e2ce aux niveaux de pasteurisation. Parce que la pasteurisation est finalement extr\u00eamement r\u00e9gl\u00e9e \u00e0 une temp\u00e9rature plus \u00e9lev\u00e9e, le lait peut alors reposer pendant une p\u00e9riode beaucoup plus longue. Bien que ma r\u00e9action \u00e0 cette situation \u00e9tait tr\u00e8s attendue, elle \u00e9tait bas\u00e9e sur une connaissance \u00e9clair\u00e9e du sujet.<\/span><\/p>\n<p>&nbsp;<\/p>\n<p><strong>\u00c9valuation:<\/strong><\/p>\n<p><span style=\"font-weight: 400\">Parce que je suis tellement habitu\u00e9 au lait conserv\u00e9 au r\u00e9frig\u00e9rateur aux Etats-Unis, j\u2019assimile le processus de stockage \u00e0 un processus de conservation sans danger pour la digestion. Je dirais que cette exp\u00e9rience m\u2019a laiss\u00e9 un effet plus positif et amusant, cela ne change toujours pas mon opinion. Ce sera toujours un souvenir amusant d\u2019avoir trouv\u00e9 du lait dans une armoire et d\u2019aller aussi dans les \u00e9piceries pour trouver la m\u00eame chose. Des bouteilles de lait plac\u00e9es en face des cong\u00e9lateurs et \u00e9galement emball\u00e9es ensemble dans du plastique. Il semble \u00e9galement que la culture joue un grand r\u00f4le dans la fa\u00e7on dont la nourriture est \u00e9galement per\u00e7ue \u00e0 l&#8217;int\u00e9rieur de la maison. Cela a beaucoup \u00e0 voir avec le souci de l\u2019environnement ainsi que l&#8217;acc\u00e8s fr\u00e9quent \u00e0 des aliments et des produits frais. Cela parle de la petite taille des r\u00e9frig\u00e9rateurs que poss\u00e8dent la plupart des autres citoyens fran\u00e7ais.<\/span><\/p>\n<p><img loading=\"lazy\" decoding=\"async\" class=\"alignnone size-medium wp-image-16\" src=\"http:\/\/blogs.dickinson.edu\/fr300automne21\/files\/2021\/09\/IMG_9382-139x300.png\" alt=\"\" width=\"139\" height=\"300\" srcset=\"https:\/\/blogs.dickinson.edu\/fr300automne21\/files\/2021\/09\/IMG_9382-139x300.png 139w, https:\/\/blogs.dickinson.edu\/fr300automne21\/files\/2021\/09\/IMG_9382-473x1024.png 473w, https:\/\/blogs.dickinson.edu\/fr300automne21\/files\/2021\/09\/IMG_9382-768x1662.png 768w, https:\/\/blogs.dickinson.edu\/fr300automne21\/files\/2021\/09\/IMG_9382-710x1536.png 710w, https:\/\/blogs.dickinson.edu\/fr300automne21\/files\/2021\/09\/IMG_9382.png 828w\" sizes=\"auto, (max-width: 139px) 100vw, 139px\" \/><\/p>\n","protected":false},"excerpt":{"rendered":"<p>D\u00e9scription: Un soir, j\u2019ai cherch\u00e9 le lait car il \u00e9tait presque \u00e9puis\u00e9. J\u2019ai cherch\u00e9 partout dans le r\u00e9frig\u00e9rateur et j\u2019ai \u00e9t\u00e9 d\u00e9\u00e7u de ne rien trouver. J\u2019ai d\u00e9cid\u00e9 de demander \u00e0 mon h\u00f4te s&#8217;il en reste. Elle m\u2019a dit de regarder dans les placards pour le trouver. J\u2019ai ouvert le placard et voil\u00e0 le lait. [&hellip;]<\/p>\n","protected":false},"author":4236,"featured_media":0,"comment_status":"open","ping_status":"open","sticky":false,"template":"","format":"standard","meta":{"footnotes":""},"categories":[342992],"tags":[],"class_list":["post-15","post","type-post","status-publish","format-standard","hentry","category-30-septembre"],"_links":{"self":[{"href":"https:\/\/blogs.dickinson.edu\/fr300automne21\/wp-json\/wp\/v2\/posts\/15","targetHints":{"allow":["GET"]}}],"collection":[{"href":"https:\/\/blogs.dickinson.edu\/fr300automne21\/wp-json\/wp\/v2\/posts"}],"about":[{"href":"https:\/\/blogs.dickinson.edu\/fr300automne21\/wp-json\/wp\/v2\/types\/post"}],"author":[{"embeddable":true,"href":"https:\/\/blogs.dickinson.edu\/fr300automne21\/wp-json\/wp\/v2\/users\/4236"}],"replies":[{"embeddable":true,"href":"https:\/\/blogs.dickinson.edu\/fr300automne21\/wp-json\/wp\/v2\/comments?post=15"}],"version-history":[{"count":0,"href":"https:\/\/blogs.dickinson.edu\/fr300automne21\/wp-json\/wp\/v2\/posts\/15\/revisions"}],"wp:attachment":[{"href":"https:\/\/blogs.dickinson.edu\/fr300automne21\/wp-json\/wp\/v2\/media?parent=15"}],"wp:term":[{"taxonomy":"category","embeddable":true,"href":"https:\/\/blogs.dickinson.edu\/fr300automne21\/wp-json\/wp\/v2\/categories?post=15"},{"taxonomy":"post_tag","embeddable":true,"href":"https:\/\/blogs.dickinson.edu\/fr300automne21\/wp-json\/wp\/v2\/tags?post=15"}],"curies":[{"name":"wp","href":"https:\/\/api.w.org\/{rel}","templated":true}]}}