{"id":253,"date":"2021-11-23T10:51:34","date_gmt":"2021-11-23T10:51:34","guid":{"rendered":"https:\/\/blogs.dickinson.edu\/fr300automne21\/?p=253"},"modified":"2021-11-23T10:54:40","modified_gmt":"2021-11-23T10:54:40","slug":"253","status":"publish","type":"post","link":"https:\/\/blogs.dickinson.edu\/fr300automne21\/2021\/11\/23\/253\/","title":{"rendered":"La culture de gr\u00e8ve en France."},"content":{"rendered":"<p>La culture de gr\u00e8ve en France.<\/p>\n<p>Imagine la premi\u00e8re fois que vous arrivez \u00e0 Toulouse le samedi matin, vous \u00eates fatigue, vous \u00eates en d\u00e9calage horaire, vous pense que vous allez prendre une sieste pour vous repose. Mais avant que vous ayez la chance de vous arranger, vous entendez des bruits forts \u00e0 l\u2019ext\u00e9rieur. \u00c7a \u00e9t\u00e9 mon exp\u00e9rience le premier jour que j\u2019ai arriv\u00e9 \u00e0 Toulouse, j\u2019\u00e9tais en train de comprendre comment je suis vraiment en France et j\u2019entendu les personnes manifester dehors. Ici en France, Le samedi et le jour pour manifester, les gens manifester sur tous les choses diff\u00e8rent. Les personnes ici sont habitue de cette culture de manifester parce que quand je suis all\u00e9 dans le salon pour demander ce que ce bruit \u00e9tait, c\u2019\u00e9tait comme j\u2019\u00e9tais la seule personne qu\u2019il a l\u2019attendu. Je suis all\u00e9 sur la Terrace et j\u2019ai vu beaucoup des personnes dans la rue qui chant tous les choses, ils ont aussi les affiches avec ses plaints. Mes h\u00f4tes m\u2019a dit que \u00e7a se passe tous les samedis sans exception, il y a les fois qu\u2019ils \u00e9taient tr\u00e8s dangereux.<\/p>\n<p>&nbsp;<\/p>\n<p>&nbsp;<\/p>\n<p>Les manifestations de samedi sont l\u2019habitude ici, ce n\u2019est pas quelque chose qui est nouveaux comme on voit dans les autres pays. C\u2019est une cliche qui est donne aux fran\u00e7ais, quand ils ne sont pas satisfaits, ils font \u00ab\u00a0la gueule\u00a0\u00bb En regardent ces derniers samedis, les Fran\u00e7ais ont fait honneur \u00e0 leur clich\u00e9. Avec les manifestions des Gillet jaunes, c\u2019\u00e9tait encore plus, les manifestations avaient plus des personnes, il \u00e9tait plus des violences, et \u00e7a \u00e0 commencer l\u2019habituait de manifester tous les samedis. Toutes les manifestations ne sont pas violentes, c\u2019est vraiment paisible, il y a toutes sortes de personnes, des enfants, des personnes \u00e2g\u00e9es, des \u00e9tudiants, des parents, des femmes, des hommes, tout le monde participe. C\u2019est honn\u00eatement une sc\u00e8ne formidable \u00e0 regarder parfois parce qu&#8217;il y a tant de personnes qui protestent pour diff\u00e9rentes raisons mais qui se trouvent toutes dans le m\u00eame espace. Cependant, il avait les moments o\u00f9 ils \u00e9taient dangereux, certains vont juste \u00e0 faire du bruit et amen\u00e9 les violences, comme voler, d\u00e9truits les fen\u00eatres des magasins.<\/p>\n<p>&nbsp;<\/p>\n<p>&nbsp;<\/p>\n<p>Tout bien consid\u00e8re, Je pense que c&#8217;est une excellente fa\u00e7on d&#8217;exercer leurs libert\u00e9s. Je dois juste change ma trajectoire des choses que je fais les samedis parce que je sais qu\u2019a midi et at 15h les manifestants vont \u00eatre devant mon b\u00e2timent. Il y a les fois que j\u2019ai vu le gaz lacrymog\u00e8ne vienne proche de mes fen\u00eatres donc je devrais fermer toutes les fen\u00eatres, et les fois que les gendarme se positionnent devant les magasins et me fais peur. Il y a aussi les foi ou j\u2019ai sorti et devant mon b\u00e2timent les manifestant se battu et je devrais quitter la sc\u00e8ne pour me prot\u00e9ger. Venant d&#8217;un pays o\u00f9 ce n&#8217;est pas la norme, c&#8217;est parfois effrayant et c&#8217;est certainement quelque chose auquel je dois m&#8217;habituer.<\/p>\n<p><img loading=\"lazy\" decoding=\"async\" class=\"alignnone size-medium wp-image-254\" src=\"http:\/\/blogs.dickinson.edu\/fr300automne21\/files\/2021\/11\/IMG_5311-139x300.png\" alt=\"\" width=\"139\" height=\"300\" srcset=\"https:\/\/blogs.dickinson.edu\/fr300automne21\/files\/2021\/11\/IMG_5311-139x300.png 139w, https:\/\/blogs.dickinson.edu\/fr300automne21\/files\/2021\/11\/IMG_5311-473x1024.png 473w, https:\/\/blogs.dickinson.edu\/fr300automne21\/files\/2021\/11\/IMG_5311-768x1662.png 768w, https:\/\/blogs.dickinson.edu\/fr300automne21\/files\/2021\/11\/IMG_5311-710x1536.png 710w, https:\/\/blogs.dickinson.edu\/fr300automne21\/files\/2021\/11\/IMG_5311-947x2048.png 947w, https:\/\/blogs.dickinson.edu\/fr300automne21\/files\/2021\/11\/IMG_5311.png 1284w\" sizes=\"auto, (max-width: 139px) 100vw, 139px\" \/><\/p>\n","protected":false},"excerpt":{"rendered":"<p>La culture de gr\u00e8ve en France. Imagine la premi\u00e8re fois que vous arrivez \u00e0 Toulouse le samedi matin, vous \u00eates fatigue, vous \u00eates en d\u00e9calage horaire, vous pense que vous allez prendre une sieste pour vous repose. Mais avant que vous ayez la chance de vous arranger, vous entendez des bruits forts \u00e0 l\u2019ext\u00e9rieur. \u00c7a [&hellip;]<\/p>\n","protected":false},"author":3849,"featured_media":0,"comment_status":"open","ping_status":"open","sticky":false,"template":"","format":"standard","meta":{"footnotes":""},"categories":[342995],"tags":[],"class_list":["post-253","post","type-post","status-publish","format-standard","hentry","category-11-12-novembre"],"_links":{"self":[{"href":"https:\/\/blogs.dickinson.edu\/fr300automne21\/wp-json\/wp\/v2\/posts\/253","targetHints":{"allow":["GET"]}}],"collection":[{"href":"https:\/\/blogs.dickinson.edu\/fr300automne21\/wp-json\/wp\/v2\/posts"}],"about":[{"href":"https:\/\/blogs.dickinson.edu\/fr300automne21\/wp-json\/wp\/v2\/types\/post"}],"author":[{"embeddable":true,"href":"https:\/\/blogs.dickinson.edu\/fr300automne21\/wp-json\/wp\/v2\/users\/3849"}],"replies":[{"embeddable":true,"href":"https:\/\/blogs.dickinson.edu\/fr300automne21\/wp-json\/wp\/v2\/comments?post=253"}],"version-history":[{"count":0,"href":"https:\/\/blogs.dickinson.edu\/fr300automne21\/wp-json\/wp\/v2\/posts\/253\/revisions"}],"wp:attachment":[{"href":"https:\/\/blogs.dickinson.edu\/fr300automne21\/wp-json\/wp\/v2\/media?parent=253"}],"wp:term":[{"taxonomy":"category","embeddable":true,"href":"https:\/\/blogs.dickinson.edu\/fr300automne21\/wp-json\/wp\/v2\/categories?post=253"},{"taxonomy":"post_tag","embeddable":true,"href":"https:\/\/blogs.dickinson.edu\/fr300automne21\/wp-json\/wp\/v2\/tags?post=253"}],"curies":[{"name":"wp","href":"https:\/\/api.w.org\/{rel}","templated":true}]}}