{"id":26,"date":"2021-09-29T15:59:52","date_gmt":"2021-09-29T15:59:52","guid":{"rendered":"https:\/\/blogs.dickinson.edu\/fr300automne21\/?p=26"},"modified":"2021-09-29T16:03:10","modified_gmt":"2021-09-29T16:03:10","slug":"lunite-des-francais-a-travers-les-evenement-sociaux","status":"publish","type":"post","link":"https:\/\/blogs.dickinson.edu\/fr300automne21\/2021\/09\/29\/lunite-des-francais-a-travers-les-evenement-sociaux\/","title":{"rendered":"L&#8217;unit\u00e9 des fran\u00e7ais \u00e0 travers les \u00e9v\u00e8nement sociaux"},"content":{"rendered":"\r\n<p><img loading=\"lazy\" decoding=\"async\" class=\"alignnone size-medium wp-image-31\" src=\"http:\/\/blogs.dickinson.edu\/fr300automne21\/files\/2021\/09\/ef3bfa49-f838-4832-acc2-9d5b459473ea-225x300.jpg\" alt=\"\" width=\"225\" height=\"300\" srcset=\"https:\/\/blogs.dickinson.edu\/fr300automne21\/files\/2021\/09\/ef3bfa49-f838-4832-acc2-9d5b459473ea-225x300.jpg 225w, https:\/\/blogs.dickinson.edu\/fr300automne21\/files\/2021\/09\/ef3bfa49-f838-4832-acc2-9d5b459473ea-768x1024.jpg 768w, https:\/\/blogs.dickinson.edu\/fr300automne21\/files\/2021\/09\/ef3bfa49-f838-4832-acc2-9d5b459473ea-1152x1536.jpg 1152w, https:\/\/blogs.dickinson.edu\/fr300automne21\/files\/2021\/09\/ef3bfa49-f838-4832-acc2-9d5b459473ea.jpg 1200w\" sizes=\"auto, (max-width: 225px) 100vw, 225px\" \/> <img loading=\"lazy\" decoding=\"async\" class=\"alignnone size-medium wp-image-32\" src=\"http:\/\/blogs.dickinson.edu\/fr300automne21\/files\/2021\/09\/tempImagepwqtlp-225x300.jpg\" alt=\"\" width=\"225\" height=\"300\" srcset=\"https:\/\/blogs.dickinson.edu\/fr300automne21\/files\/2021\/09\/tempImagepwqtlp-225x300.jpg 225w, https:\/\/blogs.dickinson.edu\/fr300automne21\/files\/2021\/09\/tempImagepwqtlp-768x1024.jpg 768w, https:\/\/blogs.dickinson.edu\/fr300automne21\/files\/2021\/09\/tempImagepwqtlp-1152x1536.jpg 1152w, https:\/\/blogs.dickinson.edu\/fr300automne21\/files\/2021\/09\/tempImagepwqtlp-1536x2048.jpg 1536w, https:\/\/blogs.dickinson.edu\/fr300automne21\/files\/2021\/09\/tempImagepwqtlp-scaled.jpg 1920w\" sizes=\"auto, (max-width: 225px) 100vw, 225px\" \/><\/p>\r\n<p>Description<br \/><br \/>\u00c0 mon arriv\u00e9 en France, je voulais savoir comment est-ce que les fran\u00e7ais cr\u00e9ent ce sentiment d&#8217;unit\u00e9 et de &#8220;fraternit\u00e9&#8221; comme le stipule la devise fran\u00e7aise. C&#8217;est par hasard que j&#8217;ai d\u00e9couvert que c&#8217;est \u00e0 travers des \u00e9v\u00e8nements sociaux o\u00f9 des situations qu&#8217;ils se reunissent et que ce sentiment d&#8217;uniter se cr\u00e9er ou se fortifie davantage. C&#8217;est d&#8217;abord \u00e0 mon arriv\u00e9 lorsque j&#8217;ai eu un retard de 4h dans le train que j&#8217;ai \u00e9t\u00e9 t\u00e9moin de cet \u00e9lan de solidarit\u00e9. En arr\u00eat a bordeaux pendant 2h, le temps que le train continue pour Toulouse, j&#8217;ai vu des fran\u00e7ais se connaissant pas \u00e9changer, s&#8217;aider, partager la nourriture pendant l&#8217;attente. Je me suis demand\u00e9 comment de parfait inconnus arrivaient \u00e0 avoir l&#8217;air aussi familier en si peu de temps. Ensuite c&#8217;est pendant un concert de piano que j&#8217;ai vu ces m\u00eames inconnus applaudir de mani\u00e8re rythm\u00e9 et pendant plus de 2 minutes sans arr\u00eat comme une forme de chorale que je l&#8217;ai remarqu\u00e9 . Et finalement, c&#8217;est aussi pendant les matchs de foot que l&#8217;ont aper\u00e7oit le m\u00eame ph\u00e9nom\u00e8ne que je trouve \u00e0 la fois impressionant et peu commun.<br \/><br \/>Interpr\u00e9tation<br \/><br \/>Pour moi, je pense que en dehors du fait que les fran\u00e7ais aiment ecouter de la musique, regarder les matchs de foot ou r\u00e2ler a cause d&#8217;un retard de train, les fran\u00e7ais aiment se reunir pour socialiser. Ma famille d&#8217;h\u00f4te par exemple mange tous les soirs \u00e0 la m\u00eame heure et tous ensemble. Cela est diff\u00e9rent des USA ou je mange souvent seul ou \u00e0 des heures diff\u00e9rentes chaque soir, souvent sans ma famille. Peu importe la raison pour laquelle ils se reunissent, le fait de communiquer, echanger, rire et critiquer avec autrui est pour eux surement une forme d&#8217;unit\u00e9 et de connexion qui font d&#8217;eux un peuple unique. Si dans d&#8217;autres pays la socialisation pourrait se faire par les r\u00e9seaux sociaux ou par des rencontres pr\u00e9vus entre copains, les fran\u00e7ais eux le feront lors d&#8217;\u00e9v\u00e8nements et souvent avec des personnes qu&#8217;ils ne connaissent pas. Lors du match de foot Toulouse contre Caen auquel j&#8217;ai assist\u00e9, il y avait dans la tribune des perosnnes de tout \u00e2ge, certains adepte de foot d&#8217;autres non. Malgr\u00e9 le fait que Toulouse \u00e0 perdu contre cette equipe, cela n&#8217;a pas empecher cette tribune de crier \u00e0 l&#8217;unissons l&#8217;hymne de l&#8217;equipe et leur fiert\u00e9 detre toulousain et je trouve \u00e7a bien.<br \/><br \/><br \/>Evaluation<br \/><br \/>Ces differents evenements auquels j&#8217;ai participer m&#8217;ont permis non seulement de repondre \u00e0 ma question de depart qui etait de savoir comment est ce que le peuple fran\u00e7ais s&#8217;unissait mais aussi de savoir comment est ce que je pourrai m&#8217;integrer facilement dans cette union et c&#8217;est de tout simplement participer \u00e0 des evenements sociaux parceque c&#8217;est le moyen le plus facile selon moi de r\u00e9ellement etre immerser dans le programme qui nous est propos\u00e9. Je pense qu&#8217;il est incontournable de vivre ce genre d&#8217;experience si l&#8217;on cherche reellement a avoir un rendu riche sur notre s\u00e9jour \u00e0 l&#8217;etranger.<\/p>\r\n","protected":false},"excerpt":{"rendered":"<p>Description \u00c0 mon arriv\u00e9 en France, je voulais savoir comment est-ce que les fran\u00e7ais cr\u00e9ent ce sentiment d&#8217;unit\u00e9 et de &#8220;fraternit\u00e9&#8221; comme le stipule la devise fran\u00e7aise. C&#8217;est par hasard que j&#8217;ai d\u00e9couvert que c&#8217;est \u00e0 travers des \u00e9v\u00e8nements sociaux o\u00f9 des situations qu&#8217;ils se reunissent et que ce sentiment d&#8217;uniter se cr\u00e9er ou se [&hellip;]<\/p>\n","protected":false},"author":4799,"featured_media":0,"comment_status":"open","ping_status":"open","sticky":false,"template":"","format":"standard","meta":{"footnotes":""},"categories":[1],"tags":[],"class_list":["post-26","post","type-post","status-publish","format-standard","hentry","category-uncategorized"],"_links":{"self":[{"href":"https:\/\/blogs.dickinson.edu\/fr300automne21\/wp-json\/wp\/v2\/posts\/26","targetHints":{"allow":["GET"]}}],"collection":[{"href":"https:\/\/blogs.dickinson.edu\/fr300automne21\/wp-json\/wp\/v2\/posts"}],"about":[{"href":"https:\/\/blogs.dickinson.edu\/fr300automne21\/wp-json\/wp\/v2\/types\/post"}],"author":[{"embeddable":true,"href":"https:\/\/blogs.dickinson.edu\/fr300automne21\/wp-json\/wp\/v2\/users\/4799"}],"replies":[{"embeddable":true,"href":"https:\/\/blogs.dickinson.edu\/fr300automne21\/wp-json\/wp\/v2\/comments?post=26"}],"version-history":[{"count":0,"href":"https:\/\/blogs.dickinson.edu\/fr300automne21\/wp-json\/wp\/v2\/posts\/26\/revisions"}],"wp:attachment":[{"href":"https:\/\/blogs.dickinson.edu\/fr300automne21\/wp-json\/wp\/v2\/media?parent=26"}],"wp:term":[{"taxonomy":"category","embeddable":true,"href":"https:\/\/blogs.dickinson.edu\/fr300automne21\/wp-json\/wp\/v2\/categories?post=26"},{"taxonomy":"post_tag","embeddable":true,"href":"https:\/\/blogs.dickinson.edu\/fr300automne21\/wp-json\/wp\/v2\/tags?post=26"}],"curies":[{"name":"wp","href":"https:\/\/api.w.org\/{rel}","templated":true}]}}